{"id":12659,"date":"2014-11-16T18:39:00","date_gmt":"2014-11-16T16:39:00","guid":{"rendered":"http:\/\/www.sana.sy\/es\/?p=12659"},"modified":"2014-11-16T20:59:52","modified_gmt":"2014-11-16T18:59:52","slug":"siria-participa-en-la-exposicion-internacional-de-caridad-diplomatica","status":"publish","type":"post","link":"https:\/\/archive.sana.sy\/es\/?p=12659","title":{"rendered":"Siria participa en Festival Internacional de Navidad"},"content":{"rendered":"<p>Praga-SANA<\/p>\n<p>Con la participaci\u00f3n de la Embajada de Siria en la Rep\u00fablica Checa, se ha inaugurado el domingo, Festival Internacional de Navidad en la capital checa de Praga, la cual est\u00e1 organizada por las embajadas extranjeras acreditas en ese pa\u00eds.<\/p>\n<p>El pabell\u00f3n de la Embajada de Siria expone una colecci\u00f3n variada de artesan\u00edas, cuadros, pinturas, comida tradicional \u00e1rabe y carteles que representan la cultura y la civilizaci\u00f3n de Siria.<\/p>\n<p>La supervisora del pabell\u00f3n sirio Manal Ain Malek dijo a SANA que Siria procura siempre\u00a0participar en esta exposici\u00f3n anual, teniendo en cuenta que el\u00a0dinero recaudado en esta actividad ser\u00e1 distribuido a organizaciones de caridad que atienden a\u00a0ni\u00f1os enfermos y discapacitados.<\/p>\n<p>Cabe resaltar que participan en la exposici\u00f3n anual de caridad 58 Embajadas.<\/p>\n<p>Yamil K.<\/p>\n","protected":false},"excerpt":{"rendered":"<p>Praga-SANA Con la participaci\u00f3n de la Embajada de Siria en la Rep\u00fablica Checa, se ha inaugurado el domingo, Festival Internacional de Navidad en la capital checa de Praga, la cual est\u00e1 organizada por las embajadas extranjeras acreditas en ese pa\u00eds. El pabell\u00f3n de la Embajada de Siria expone una colecci\u00f3n variada de artesan\u00edas, cuadros, pinturas, &hellip;<\/p>\n","protected":false},"author":1,"featured_media":12662,"comment_status":"closed","ping_status":"closed","sticky":false,"template":"","format":"standard","meta":{"footnotes":""},"categories":[456,457],"tags":[],"class_list":["post-12659","post","type-post","status-publish","format-standard","has-post-thumbnail","","category-arabe-internacional-politica","category-noticias-arabe-internacional-politica"],"_links":{"self":[{"href":"https:\/\/archive.sana.sy\/es\/index.php?rest_route=\/wp\/v2\/posts\/12659"}],"collection":[{"href":"https:\/\/archive.sana.sy\/es\/index.php?rest_route=\/wp\/v2\/posts"}],"about":[{"href":"https:\/\/archive.sana.sy\/es\/index.php?rest_route=\/wp\/v2\/types\/post"}],"author":[{"embeddable":true,"href":"https:\/\/archive.sana.sy\/es\/index.php?rest_route=\/wp\/v2\/users\/1"}],"replies":[{"embeddable":true,"href":"https:\/\/archive.sana.sy\/es\/index.php?rest_route=%2Fwp%2Fv2%2Fcomments&post=12659"}],"version-history":[{"count":0,"href":"https:\/\/archive.sana.sy\/es\/index.php?rest_route=\/wp\/v2\/posts\/12659\/revisions"}],"wp:featuredmedia":[{"embeddable":true,"href":"https:\/\/archive.sana.sy\/es\/index.php?rest_route=\/wp\/v2\/media\/12662"}],"wp:attachment":[{"href":"https:\/\/archive.sana.sy\/es\/index.php?rest_route=%2Fwp%2Fv2%2Fmedia&parent=12659"}],"wp:term":[{"taxonomy":"category","embeddable":true,"href":"https:\/\/archive.sana.sy\/es\/index.php?rest_route=%2Fwp%2Fv2%2Fcategories&post=12659"},{"taxonomy":"post_tag","embeddable":true,"href":"https:\/\/archive.sana.sy\/es\/index.php?rest_route=%2Fwp%2Fv2%2Ftags&post=12659"}],"curies":[{"name":"wp","href":"https:\/\/api.w.org\/{rel}","templated":true}]}}