{"id":126800,"date":"2020-01-11T16:20:29","date_gmt":"2020-01-11T14:20:29","guid":{"rendered":"http:\/\/sana.sy\/es\/?p=126800"},"modified":"2023-01-10T15:15:26","modified_gmt":"2023-01-10T13:15:26","slug":"conozca-las-mas-recientes-noticias-economicas-de-siria","status":"publish","type":"post","link":"https:\/\/archive.sana.sy\/es\/?p=126800","title":{"rendered":"Conozca las m\u00e1s recientes noticias econ\u00f3micas de Siria\u00a0\u00a0\u00a0"},"content":{"rendered":"<p style=\"text-align: justify;\"><span style=\"color: #800000;\"><b><span lang=\"ES-TRAD\">Provincias, SANA<\/span><\/b><\/span><\/p>\n<p style=\"text-align: justify;\"><b><span lang=\"ES-TRAD\">\u00a0<\/span><\/b><b><span lang=\"ES-TRAD\">La semana reci\u00e9n concluida presenci\u00f3 importantes pasos hacia la recuperaci\u00f3n econ\u00f3mica y en otros campos de Siria de la guerra impuesta.<\/span><\/b><\/p>\n<p style=\"text-align: justify;\"><b><span lang=\"ES-TRAD\">\u00a0<\/span><\/b><b><span lang=\"ES-TRAD\">A continuaci\u00f3n, les ofrecemos un resumen de las noticias m\u00e1s importantes al respecto:<\/span><\/b><\/p>\n<p style=\"text-align: justify;\"><strong><span style=\"color: #0000ff;\">Provincia de Sweida exporta tres mil 200 toneladas de manzanas<\/span><\/strong><\/p>\n<p style=\"text-align: justify;\"><span lang=\"ES-TRAD\">La provincia de Sweida export\u00f3 a los mercados de otros pa\u00edses unas tres mil 200 toneladas de su cultivo de manzanas.<\/span><\/p>\n<p style=\"text-align: justify;\"><span lang=\"ES-TRAD\">Seg\u00fan declar\u00f3 el presidente de la C\u00e1mara de Agricultura de Sweida, Hatem Abu Ras, Egipto ha sido el destino principal de las manzanas producidas por la gobernaci\u00f3n y le sigue Sud\u00e1n.<\/span><\/p>\n<p style=\"text-align: justify;\"><span lang=\"ES-TRAD\">Se\u00f1al\u00f3 que las exportaciones a los mercados exteriores continuar\u00e1n hasta finales del pr\u00f3ximo mes de mayo, mientras se siguen enviando cargas de este cultivo a los mercados de otras provincias.<\/span><\/p>\n<p style=\"text-align: justify;\"><span lang=\"ES-TRAD\">La manzana es el cultivo principal en Sweida y su producci\u00f3n en 2019 ascendi\u00f3 a alrededor de 21 mil toneladas.<\/span><\/p>\n<p style=\"text-align: justify;\"><span style=\"color: #0000ff;\"><b><span lang=\"ES\">India ofrece 500 pr\u00f3tesis a los mutilados por la Guerra en Siria<\/span><\/b><\/span><\/p>\n<p style=\"text-align: justify;\"><span lang=\"ES\">En el marco de las relaciones de amistad y cooperaci\u00f3n entre Siria y la India, fue anunciada hoy en esta capital, una iniciativa india para ofrecer 500 pr\u00f3tesis a mutilados por la guerra y personas con discapacidad.<\/span><\/p>\n<p style=\"text-align: justify;\"><span lang=\"ES\">La iniciativa durar\u00e1 45 d\u00edas y es fruto de la cooperaci\u00f3n entre los ministerios de Asuntos Sociales y de Salud y la Embajada de la India en Damasco.<\/span><\/p>\n<p style=\"text-align: justify;\"><span lang=\"ES\">Un equipo de m\u00e9dicos indios especialistas supervisar\u00e1n el tratamiento que incluye la colocaci\u00f3n de las pr\u00f3tesis y la rehabilitaci\u00f3n f\u00edsica.<\/span><\/p>\n<p style=\"text-align: justify;\"><span lang=\"ES\">La ministra de Asuntos Sociales y Trabajo, Rima Kadiri, destac\u00f3 el impacto positivo del proyecto en ayudar a los mutilados para que vuelvan a su vida normal. Al mismo tiempo, llam\u00f3 a la sostenibilidad de esa iniciativa hasta lograr el establecimiento de un centro conjunto sirio-indio de pr\u00f3tesis.<\/span><\/p>\n<p style=\"text-align: justify;\"><span lang=\"ES\">A su vez, el embajador indio en Damasco, Hafizur Rahman, declar\u00f3 que la iniciativa se lleva acabo con motivo del 150 aniversario del natalicio de Mahatma Gandhi, padre espiritual de la India y s\u00edmbolo de humanidad, el amor y la paz para el mundo; adem\u00e1s de ser una encarnaci\u00f3n de la amistad profunda e hist\u00f3rica entre India y Siria.<\/span><\/p>\n<p style=\"text-align: justify;\"><span lang=\"ES\">El diplom\u00e1tico reafirm\u00f3 el continuo apoyo y la solidaridad de la India con Siria en su guerra contra el terrorismo, y asegur\u00f3 que esa iniciativa no ser\u00e1 la \u00faltima.<\/span><\/p>\n<p style=\"text-align: justify;\"><span style=\"color: #0000ff;\"><b><span lang=\"ES-TRAD\">Palmira es visitada por turistas, algunos son estadounidenses y brit\u00e1nicos<\/span><\/b><\/span><\/p>\n<p style=\"text-align: justify;\"><span lang=\"ES-TRAD\">Un grupo de turistas extranjeros visit\u00f3 hoy la ciudad de Palmira y recorri\u00f3 sus ruinas y estuvo al tanto de la destrucci\u00f3n que sufrieron algunos de sus monumentos a manos de los terroristas del Daesh.<\/span><\/p>\n<p style=\"text-align: justify;\"><span lang=\"ES-TRAD\">El grupo tur\u00edstico, cuyos integrantes son de diferentes nacionalidades algunos son de EE.UU y Breta\u00f1a, visit\u00f3 el Museo Nacional de Palmira, el famoso templo Bel, la calle de columnas, el anfiteatro y los monumentos m\u00e1s relevantes.<\/span><\/p>\n<p style=\"text-align: justify;\"><span lang=\"ES-TRAD\">En declaraciones al corresponsal de SANA, los turistas instaron a las organizaciones internacionales a contribuir para la restauraci\u00f3n de Palmira de los da\u00f1os que la afectaron de los enemigos de la cultura humana.<\/span><\/p>\n<p style=\"text-align: justify;\"><span lang=\"ES-TRAD\">Llamaron por una movilizaci\u00f3n de los esfuerzos de los arque\u00f3logos y las instituciones internacionales para reconstruir los monumentos hist\u00f3ricos de esta ciudad.<\/span><\/p>\n<p style=\"text-align: justify;\"><span lang=\"ES-TRAD\">Desde su liberaci\u00f3n del terrorismo del Daesh en el a\u00f1o 2017, Palmira recibi\u00f3 a turistas de EE.UU, Francia, Espa\u00f1a, Canad\u00e1, Brasil y de otras naciones, en una se\u00f1al de la recuperaci\u00f3n del turismo en esta ciudad considerada como la perla del desierto sirio.<\/span><\/p>\n<p style=\"text-align: justify;\"><span lang=\"ES-TRAD\">Palmira es una de las ciudades m\u00e1s antiguas del mundo y est\u00e1 inscrita desde 1980 en la lista de la Organizaci\u00f3n de las Naciones Unidas para la Educaci\u00f3n, la Ciencia y la Cultura (UNESCO).<\/span><\/p>\n<p style=\"text-align: justify;\"><span style=\"color: #0000ff;\"><b><span lang=\"ES-TRAD\">Inauguran en Damasco un centro m\u00e9dico para educadores<\/span><\/b><\/span><\/p>\n<p style=\"text-align: justify;\"><span lang=\"ES-TRAD\">En presencia de delegaciones participantes en la vig\u00e9sima Conferencia General de la Uni\u00f3n de Educadores \u00c1rabes, fue inaugurado el Centro M\u00e9dico \u201cBunat Al-Ajyal\u201d en la capital Damasco.<\/span><\/p>\n<p style=\"text-align: justify;\"><span lang=\"ES-TRAD\">El centro incluye cl\u00ednicas de ginecolog\u00eda, dermatolog\u00eda, oftalmolog\u00eda, entre otras especialidades, adem\u00e1s de un laboratorio y un departamento de radiograf\u00eda.<\/span><\/p>\n<p style=\"text-align: justify;\"><span lang=\"ES-TRAD\">El decano del Sindicato de Educadores de Siria, Wahed Zaal, explic\u00f3 que la nueva instituci\u00f3n ayuda a reducir la presi\u00f3n sobre centros en la ciudad y brindar\u00e1 sus servicios a los maestros y a los ciudadanos a precios m\u00f3dicos.<\/span><\/p>\n<p style=\"text-align: justify;\"><span lang=\"ES-TRAD\">Los servicios m\u00e9dicos ser\u00e1n prestados por un equipo de m\u00e9dicos especialistas.<\/span><\/p>\n<p style=\"text-align: justify;\"><span lang=\"ES-TRAD\">Las cl\u00ednicas de cardiolog\u00eda y ortopedia incluyen equipos m\u00e9dicos de \u00faltimas tecnolog\u00eda.<\/span><\/p>\n<p style=\"text-align: justify;\"><span style=\"color: #0000ff;\"><b><span lang=\"ES-TRAD\">Gobierno aprueba las l\u00edneas matrices del desarrollo econ\u00f3mico nacional en 2020<\/span><\/b><\/span><\/p>\n<p style=\"text-align: justify;\"><span lang=\"ES-TRAD\">El Consejo de Ministros aprob\u00f3 hoy las l\u00edneas matrices del desarrollo econ\u00f3mico nacional para el a\u00f1o 2020 que se centran en fomentar el sector agropecuario, apoyar la producci\u00f3n industrial y artesanal, y reemplazar los productos importados por otros locales.<\/span><\/p>\n<p style=\"text-align: justify;\"><span lang=\"ES-TRAD\">Los marcos generales del plan incluyen tambi\u00e9n el apoyo a los proyectos medianos y peque\u00f1os, los proyectos familiares en las zonas rurales, y estimular la inversi\u00f3n p\u00fablica y privada.<\/span><\/p>\n<p style=\"text-align: justify;\"><span lang=\"ES-TRAD\">De igual manera, el Consejo aprob\u00f3 la estrategia del ministerio de Agricultura para apoyar el sector agr\u00edcola con el fin de lograr la autosuficiencia y la seguridad alimentaria, y garantizar los productos agr\u00edcolas y alimenticios a precios asequibles para los ciudadanos.<\/span><\/p>\n<p style=\"text-align: justify;\"><span lang=\"ES-TRAD\">Durante la sesi\u00f3n, el Ministro de Telecomunicaciones y Tecnolog\u00eda, Iyad al-Khatib, explic\u00f3 que la infraestructura del sistema de pago electr\u00f3nico ya est\u00e1 listo para digitalizar los servicios prestados por las entidades p\u00fablicas.<\/span><\/p>\n<p style=\"text-align: justify;\"><span style=\"color: #0000ff;\"><b><span lang=\"ES-TRAD\">Inauguran varios proyectos de fomento y servicios en Deir Ezzor<\/span><\/b><\/span><\/p>\n<p style=\"text-align: justify;\"><span lang=\"ES-TRAD\">La Comisi\u00f3n ministerial encargada de dar seguimiento los proyectos de desarrollo y servicio en la provincia de Deir Ezzor, inaugur\u00f3 la sede del ayuntamiento Al-Tub y la escuela del poblado Aswad Hilal, y ambas fueron rehabilitadas de los da\u00f1os que sufrieron a consecuencia del terrorismo.<\/span><\/p>\n<p style=\"text-align: justify;\"><span lang=\"ES-TRAD\">Khalil Obeid, director de Educaci\u00f3n, afirm\u00f3\u00a0que el n\u00famero de escuelas en Deir Ezzor aument\u00f3 a 310 con 120 mil alumnos y alumnas, y explic\u00f3 la nueva escuela inaugurada tiene capacidad para 500 alumnos.<\/span><\/p>\n<p style=\"text-align: justify;\"><span lang=\"ES-TRAD\">Asimismo, se inaugur\u00f3 un proyecto para regar 11 mil hect\u00e1reas en\u00a0 siete localidades.<\/span><\/p>\n<p style=\"text-align: justify;\"><span lang=\"ES-TRAD\">Anteriormente, el ministro de Petr\u00f3leo y Recursos Minerales, Ali Ghanem, inaugur\u00f3 cuatro pozos de petr\u00f3leo que se sometieron a rehabilitaci\u00f3n, y dos de los mismos entraron ya en producci\u00f3n.<\/span><\/p>\n<p style=\"text-align: justify;\"><span style=\"color: #0000ff;\"><b><span lang=\"ES-TRAD\">Varios proyectos en marcha para restablecer el agua potable en provincia de Deraa<\/span><\/b><\/span><\/p>\n<p style=\"text-align: justify;\"><span lang=\"ES-TRAD\">La Empresa Estatal de Agua Potable de la provincia sure\u00f1a de Deraa est\u00e1 ejecutando un proyecto para restablecer el servicio de agua potable en los vecindarios de Deraa Al-Balad, Tarik al-Sad y Mukhayam Al-Nazeheen de la capital provincia, y que sufrieron serios da\u00f1ados a consecuencia del terrorismo.<\/span><\/p>\n<p style=\"text-align: justify;\"><span lang=\"ES-TRAD\">\u201cLos t\u00e9cnicos completaron casi el 60 por ciento del proyecto que tiene un costo de 360 millones de libras sirias (equivalente a 800 mil USD) y garantiza agua potable a 35 mil habitantes\u201d, explic\u00f3 Osama Al-Qadiri, Subdirector de la Empresa.<\/span><\/p>\n<p style=\"text-align: justify;\"><span lang=\"ES-TRAD\">Al-Qadiri aclar\u00f3 que los trabajadores completaron las obras de construcci\u00f3n de la estaci\u00f3n de bombeo \u201cGhasam\u201d que alimenta a unos 15 mil habitantes en este de Deraa, y tambi\u00e9n la planta de Naima de la que se benefician unos 100 mil civiles.<\/span><\/p>\n<p style=\"text-align: justify;\"><span lang=\"ES-TRAD\">En lo relativo a las localidades del norte y este de la provincia, Al-Qadiri dijo la Empresa puso en servicio a nueve pozos.<\/span><\/p>\n<p style=\"text-align: justify;\"><span style=\"color: #0000ff;\"><b><span lang=\"ES-TRAD\">Rehabilitan a cuatro pozos petroleros en provincia de Deir Ezzor<\/span><\/b><\/span><\/p>\n<p style=\"text-align: justify;\"><span lang=\"ES-TRAD\">La Comisi\u00f3n Ministerial encargada de seguimiento la implementaci\u00f3n de los proyectos de fomento y servicio en la provincia nororiental de Deir Ezzor, anunci\u00f3 la rehabilitaci\u00f3n de cuatro pozos de petr\u00f3leo, dos de los cuales entraron ya en fase de producci\u00f3n .<\/span><\/p>\n<p style=\"text-align: justify;\"><span lang=\"ES-TRAD\">El ministro de Petr\u00f3leo y Recursos Minerales, Ali Ghanem, afirm\u00f3 que los cuatro pozos hab\u00edan dejado de funcionar debido a los da\u00f1os que sufrieron a consecuencia del terrorismo.<\/span><\/p>\n<p style=\"text-align: justify;\"><span lang=\"ES-TRAD\">El gerente de la compa\u00f1\u00eda estatal \u201cAl-Furat\u201d, Firas Qaddour, declar\u00f3 que cuatro pozos de petr\u00f3leo fueron reparados, dos de los mismos recuperaron la operatividad con una capacidad de producci\u00f3n inicial de 400 barriles diarios.<\/span><\/p>\n<p style=\"text-align: justify;\"><span lang=\"ES-TRAD\">\u201cCon esta cantidad la producci\u00f3n total de la compa\u00f1\u00eda alcanzar\u00e1 m\u00e1s de 2500 barriles por d\u00eda\u201d, coment\u00f3.<\/span><\/p>\n<p style=\"text-align: justify;\"><span style=\"color: #0000ff;\"><b><span lang=\"ES-TRAD\">Ceremonia de graduaci\u00f3n de 600 estudiantes de la carrera de econom\u00eda de la Universidad de Damasco<\/span><\/b><\/span><\/p>\n<p style=\"text-align: justify;\"><span lang=\"ES-TRAD\">Se efectu\u00f3 una ceremonia de graduaci\u00f3n de unos 600 estudiantes de la Facultad de Econom\u00eda de la Universidad de Damasco.<\/span><\/p>\n<p style=\"text-align: justify;\"><span lang=\"ES-TRAD\">El Decano adjunto para Asuntos Administrativos de la Facultad, Ahmed Al-Saleh, se\u00f1al\u00f3 la importancia del papel de los graduados en la reconstrucci\u00f3n de Siria y en contribuir al futuro del pa\u00eds.<\/span><\/p>\n<p style=\"text-align: justify;\"><span lang=\"ES-TRAD\">La Facultad de Econom\u00eda fue creada en 19<\/span><span dir=\"RTL\" lang=\"AR-SA\">5<\/span><span lang=\"ES-TRAD\">9, e incluye cinco especialidades.<\/span><\/p>\n<p style=\"text-align: justify;\"><span style=\"color: #0000ff;\"><b><span lang=\"ES-TRAD\">M\u00e1s de 900 nuevas inversiones en la ciudad industrial de Hassieh<\/span><\/b><\/span><\/p>\n<p style=\"text-align: justify;\"><span lang=\"ES-TRAD\">La ciudad industrial de Hassieh en la provincia central de Homs experiment\u00f3 un acelerado crecimiento durante el \u00faltimo per\u00edodo.<\/span><\/p>\n<p style=\"text-align: justify;\"><span lang=\"ES-TRAD\">El director de la ciudad, Bassam al-Mansour, explic\u00f3 a SANA que la zona atrajo durante el a\u00f1o pasado a 916 inversiones que garantizan cerca de 30 mil oportunidades de trabajo.<\/span><\/p>\n<p style=\"text-align: justify;\"><span lang=\"ES-TRAD\">El n\u00famero de instalaciones en funcionamiento asciende a 253 mientras que el n\u00famero de instalaciones en construcci\u00f3n supera las 663\u201d, revel\u00f3.<\/span><\/p>\n<p style=\"text-align: justify;\"><span lang=\"ES-TRAD\">Seg\u00fan al Mansour, los industriales tienden actualmente a invertir en las industrias mec\u00e1nicas con el fin de garantizar los requerimientos del proceso de reconstrucci\u00f3n.<\/span><\/p>\n<p style=\"text-align: justify;\"><span lang=\"ES-TRAD\">Destac\u00f3 que pronto entrar\u00e1 en funcionamiento nuevas instalaciones para la fabricaci\u00f3n de l\u00e1mparas, leds, transformadores el\u00e9ctricos, unidades de control el\u00e9ctrico y materiales aislantes destinados para bloques de construcci\u00f3n.<\/span><\/p>\n<p style=\"text-align: justify;\"><span style=\"color: #0000ff;\"><strong><span lang=\"ES-TRAD\">Restablecen servicio de telecomunicaciones en localidad de Sabkha en provincia de Raqqa<\/span><\/strong><\/span><\/p>\n<p style=\"text-align: justify;\"><span lang=\"ES-TRAD\">Los trabajadores de la Compa\u00f1\u00eda de Telecomunicaciones en las provincias de Deir Ezzor y Raqqa lograron poner en funcionamiento al Centro de Telecomunicaciones de la localidad de Sabkha en las zonas liberadas en el este de Raqqa.<\/span><\/p>\n<p style=\"text-align: justify;\"><span lang=\"ES-TRAD\">El gerente de la sucursal de la compa\u00f1\u00eda en Deir Ezzor, Ramadan al-Delly, declar\u00f3 a SANA que &#8220;el mencionado centro ha sido puesto en funcionamiento tras siete a\u00f1os de interrupci\u00f3n a consecuencia del terrorismo\u201d.<\/span><\/p>\n<p style=\"text-align: justify;\"><span lang=\"ES-TRAD\">A su vez, el jefe del Departamento de Operaci\u00f3n Tele comunicacional en Raqqa, Muhammad Rashdawi, indic\u00f3 que el Centro dispone actualmente de mil l\u00edneas telef\u00f3nicas.<\/span><\/p>\n<p style=\"text-align: justify;\"><span lang=\"ES-TRAD\">El costo del proyecto, seg\u00fan Rashdawi, ascendi\u00f3 a 500 millones de libras sirias, y se\u00f1al\u00f3 que los suscriptores comenzaron a inscribirse para reactivar sus l\u00edneas telef\u00f3nicas que ser\u00e1n entregadas y activadas directamente.<\/span><\/p>\n<p style=\"text-align: justify;\"><span style=\"color: #0000ff;\">F. M.\/ A. H.<\/span><\/p>\n","protected":false},"excerpt":{"rendered":"<p>Provincias, SANA \u00a0La semana reci\u00e9n concluida presenci\u00f3 importantes pasos hacia la recuperaci\u00f3n econ\u00f3mica y en otros campos de Siria de la guerra impuesta. \u00a0A continuaci\u00f3n, les ofrecemos un resumen de las noticias m\u00e1s importantes al respecto: Provincia de Sweida exporta tres mil 200 toneladas de manzanas La provincia de Sweida export\u00f3 a los mercados de &hellip;<\/p>\n","protected":false},"author":30,"featured_media":126801,"comment_status":"closed","ping_status":"closed","sticky":false,"template":"","format":"standard","meta":{"footnotes":""},"categories":[597,485,7541],"tags":[17325],"class_list":["post-126800","post","type-post","status-publish","format-standard","has-post-thumbnail","","category-cinta-de-noticias","category-informes-negocios-y-finanzas","category-ultimas-noticias","tag-conozca-las-mas-recientes-noticias-economicas-de-siria"],"_links":{"self":[{"href":"https:\/\/archive.sana.sy\/es\/index.php?rest_route=\/wp\/v2\/posts\/126800"}],"collection":[{"href":"https:\/\/archive.sana.sy\/es\/index.php?rest_route=\/wp\/v2\/posts"}],"about":[{"href":"https:\/\/archive.sana.sy\/es\/index.php?rest_route=\/wp\/v2\/types\/post"}],"author":[{"embeddable":true,"href":"https:\/\/archive.sana.sy\/es\/index.php?rest_route=\/wp\/v2\/users\/30"}],"replies":[{"embeddable":true,"href":"https:\/\/archive.sana.sy\/es\/index.php?rest_route=%2Fwp%2Fv2%2Fcomments&post=126800"}],"version-history":[{"count":0,"href":"https:\/\/archive.sana.sy\/es\/index.php?rest_route=\/wp\/v2\/posts\/126800\/revisions"}],"wp:featuredmedia":[{"embeddable":true,"href":"https:\/\/archive.sana.sy\/es\/index.php?rest_route=\/wp\/v2\/media\/126801"}],"wp:attachment":[{"href":"https:\/\/archive.sana.sy\/es\/index.php?rest_route=%2Fwp%2Fv2%2Fmedia&parent=126800"}],"wp:term":[{"taxonomy":"category","embeddable":true,"href":"https:\/\/archive.sana.sy\/es\/index.php?rest_route=%2Fwp%2Fv2%2Fcategories&post=126800"},{"taxonomy":"post_tag","embeddable":true,"href":"https:\/\/archive.sana.sy\/es\/index.php?rest_route=%2Fwp%2Fv2%2Ftags&post=126800"}],"curies":[{"name":"wp","href":"https:\/\/api.w.org\/{rel}","templated":true}]}}