{"id":126985,"date":"2020-01-13T16:30:16","date_gmt":"2020-01-13T14:30:16","guid":{"rendered":"http:\/\/sana.sy\/es\/?p=126985"},"modified":"2020-01-13T20:48:02","modified_gmt":"2020-01-13T18:48:02","slug":"salen-civiles-de-las-zonas-ocupadas-por-terroristas-en-el-sur-de-alepo","status":"publish","type":"post","link":"https:\/\/archive.sana.sy\/es\/?p=126985","title":{"rendered":"Los civiles comienzan a salir de las zonas con presencia de terroristas\u00a0\u00a0en el sur de Alepo (+fotos)"},"content":{"rendered":"<p><span style=\"color: #800000;\">Alepo, SANA<\/span><\/p>\n<p>Decenas de civiles comenzaron a salir de las zonas con presencia de terroristas a trav\u00e9s de corredor humanitario de al-Hader, en el sur de la provincia de Alepo.<\/p>\n<div>\n<p>Las autoridades equiparon dicho corredor con puntos m\u00e9dicos y todo lo necesario para recibir a quienes huyen de los terroristas.<\/p>\n<p>La mayor\u00eda de los civiles que huyeron del terrorismo son mujeres y ni\u00f1os, y fueron atendidos por las autoridades para luego llevarlos en medios de transporte a sus localidades liberadas del terrorismo.<\/p>\n<p>Vale mencionar que cientos de miles de civiles salieron durante los \u00faltimos a\u00f1os de las zonas que ocuparon los terroristas trav\u00e9s de los cruces humanitarios abiertos por el ej\u00e9rcito \u00e1rabe sirio para evitar que los terroristas usen a los pobladores como escudos humanos.<\/p>\n<\/div>\n<div id='gallery-1' class='gallery galleryid-126985 gallery-columns-1 gallery-size-full'><figure class='gallery-item'>\n\t\t\t<div class='gallery-icon landscape'>\n\t\t\t\t<a href='https:\/\/archive.sana.sy\/es\/?attachment_id=127006'><img loading=\"lazy\" decoding=\"async\" width=\"660\" height=\"330\" src=\"https:\/\/archive.sana.sy\/es\/wp-content\/uploads\/2020\/01\/00-14-660x330-1.jpg\" class=\"attachment-full size-full\" alt=\"\" srcset=\"https:\/\/archive.sana.sy\/es\/wp-content\/uploads\/2020\/01\/00-14-660x330-1.jpg 660w, https:\/\/archive.sana.sy\/es\/wp-content\/uploads\/2020\/01\/00-14-660x330-1-300x150.jpg 300w, https:\/\/archive.sana.sy\/es\/wp-content\/uploads\/2020\/01\/00-14-660x330-1-150x75.jpg 150w\" sizes=\"(max-width: 660px) 100vw, 660px\" \/><\/a>\n\t\t\t<\/div><\/figure><figure class='gallery-item'>\n\t\t\t<div class='gallery-icon landscape'>\n\t\t\t\t<a href='https:\/\/archive.sana.sy\/es\/?attachment_id=127007'><img loading=\"lazy\" decoding=\"async\" width=\"660\" height=\"393\" src=\"https:\/\/archive.sana.sy\/es\/wp-content\/uploads\/2020\/01\/10-54.jpg\" class=\"attachment-full size-full\" alt=\"\" srcset=\"https:\/\/archive.sana.sy\/es\/wp-content\/uploads\/2020\/01\/10-54.jpg 660w, https:\/\/archive.sana.sy\/es\/wp-content\/uploads\/2020\/01\/10-54-300x179.jpg 300w, https:\/\/archive.sana.sy\/es\/wp-content\/uploads\/2020\/01\/10-54-150x89.jpg 150w\" sizes=\"(max-width: 660px) 100vw, 660px\" \/><\/a>\n\t\t\t<\/div><\/figure><figure class='gallery-item'>\n\t\t\t<div class='gallery-icon landscape'>\n\t\t\t\t<a href='https:\/\/archive.sana.sy\/es\/?attachment_id=127008'><img loading=\"lazy\" decoding=\"async\" width=\"660\" height=\"373\" src=\"https:\/\/archive.sana.sy\/es\/wp-content\/uploads\/2020\/01\/11-65-1.jpg\" class=\"attachment-full size-full\" alt=\"\" srcset=\"https:\/\/archive.sana.sy\/es\/wp-content\/uploads\/2020\/01\/11-65-1.jpg 660w, https:\/\/archive.sana.sy\/es\/wp-content\/uploads\/2020\/01\/11-65-1-300x170.jpg 300w, https:\/\/archive.sana.sy\/es\/wp-content\/uploads\/2020\/01\/11-65-1-150x85.jpg 150w\" sizes=\"(max-width: 660px) 100vw, 660px\" \/><\/a>\n\t\t\t<\/div><\/figure><figure class='gallery-item'>\n\t\t\t<div class='gallery-icon landscape'>\n\t\t\t\t<a href='https:\/\/archive.sana.sy\/es\/?attachment_id=127009'><img loading=\"lazy\" decoding=\"async\" width=\"300\" height=\"174\" src=\"https:\/\/archive.sana.sy\/es\/wp-content\/uploads\/2020\/01\/9-42-300x174-1.jpg\" class=\"attachment-full size-full\" alt=\"\" srcset=\"https:\/\/archive.sana.sy\/es\/wp-content\/uploads\/2020\/01\/9-42-300x174-1.jpg 300w, https:\/\/archive.sana.sy\/es\/wp-content\/uploads\/2020\/01\/9-42-300x174-1-150x87.jpg 150w\" sizes=\"(max-width: 300px) 100vw, 300px\" \/><\/a>\n\t\t\t<\/div><\/figure>\n\t\t<\/div>\n\n<p style=\"text-align: justify;\"><span style=\"color: #0000ff;\"><strong>F.M\/E.D<\/strong><\/span><\/p>\n","protected":false},"excerpt":{"rendered":"<p>Alepo, SANA Decenas de civiles comenzaron a salir de las zonas con presencia de terroristas a trav\u00e9s de corredor humanitario de al-Hader, en el sur de la provincia de Alepo. Las autoridades equiparon dicho corredor con puntos m\u00e9dicos y todo lo necesario para recibir a quienes huyen de los terroristas. La mayor\u00eda de los civiles &hellip;<\/p>\n","protected":false},"author":32,"featured_media":127052,"comment_status":"closed","ping_status":"closed","sticky":false,"template":"","format":"standard","meta":{"footnotes":""},"categories":[477,597,573,7541],"tags":[17335],"class_list":["post-126985","post","type-post","status-publish","format-standard","has-post-thumbnail","","category-noticias-edulcorantes","category-cinta-de-noticias","category-la-realidad-de-los-acontecimientos-en-siria","category-ultimas-noticias","tag-salen-civiles-de-las-zonas-ocupadas-por-terroristas-en-el-sur-de-alepo"],"_links":{"self":[{"href":"https:\/\/archive.sana.sy\/es\/index.php?rest_route=\/wp\/v2\/posts\/126985"}],"collection":[{"href":"https:\/\/archive.sana.sy\/es\/index.php?rest_route=\/wp\/v2\/posts"}],"about":[{"href":"https:\/\/archive.sana.sy\/es\/index.php?rest_route=\/wp\/v2\/types\/post"}],"author":[{"embeddable":true,"href":"https:\/\/archive.sana.sy\/es\/index.php?rest_route=\/wp\/v2\/users\/32"}],"replies":[{"embeddable":true,"href":"https:\/\/archive.sana.sy\/es\/index.php?rest_route=%2Fwp%2Fv2%2Fcomments&post=126985"}],"version-history":[{"count":0,"href":"https:\/\/archive.sana.sy\/es\/index.php?rest_route=\/wp\/v2\/posts\/126985\/revisions"}],"wp:featuredmedia":[{"embeddable":true,"href":"https:\/\/archive.sana.sy\/es\/index.php?rest_route=\/wp\/v2\/media\/127052"}],"wp:attachment":[{"href":"https:\/\/archive.sana.sy\/es\/index.php?rest_route=%2Fwp%2Fv2%2Fmedia&parent=126985"}],"wp:term":[{"taxonomy":"category","embeddable":true,"href":"https:\/\/archive.sana.sy\/es\/index.php?rest_route=%2Fwp%2Fv2%2Fcategories&post=126985"},{"taxonomy":"post_tag","embeddable":true,"href":"https:\/\/archive.sana.sy\/es\/index.php?rest_route=%2Fwp%2Fv2%2Ftags&post=126985"}],"curies":[{"name":"wp","href":"https:\/\/api.w.org\/{rel}","templated":true}]}}