{"id":12702,"date":"2014-11-17T15:20:37","date_gmt":"2014-11-17T13:20:37","guid":{"rendered":"http:\/\/www.sana.sy\/es\/?p=12702"},"modified":"2014-11-17T15:21:13","modified_gmt":"2014-11-17T13:21:13","slug":"12702","status":"publish","type":"post","link":"https:\/\/archive.sana.sy\/es\/?p=12702","title":{"rendered":"Kaznov: es probable que un ciudadano franc\u00e9s haya participado en la decapitaci\u00f3n de secuestrados en Siria"},"content":{"rendered":"<div><span style=\"color: #ff0000\">Par\u00eds, SANA<\/span><\/div>\n<div><\/div>\n<div><span lang=\"ES-TRAD\">El ministro del Interior franc\u00e9s, Bernard Kaznov, declar\u00f3 que &#8220;hay una alta probabilidad de que uno de los ciudadanos franceses haya participado directamente en crimen terrorista perpetrado por terroristas del Estado Isl\u00e1mico contra secuestradso sirios, entre ellos el reh\u00e9n estadounidense Peter Kaseg.<\/span><\/div>\n<div><\/div>\n<div><span lang=\"ES-TRAD\">The Associated Press cit\u00f3 a Kaznov diciendo: &#8220;la persona en cuesti\u00f3n podr\u00eda ser Maxim Huchar, nacido en 1992 en el norte-oeste de Francia, y fue a Siria en agosto del 2013&#8221;.<\/span><\/div>\n<div><\/div>\n<div><span lang=\"ES-TRAD\">Es de destacar que el terrorista John apareci\u00f3 enmascarado en los videos difundidos por el EI para la ejecuci\u00f3n de rehenes occidentales, entre ellos los dos periodistas James Foley y Stephen Sutlov.<\/span><\/div>\n<div><\/div>\n<div><span style=\"color: #00ccff\">Fady M., Hala B.<\/span><\/div>\n<div class=\"yj6qo ajU\">\n<div id=\":un\" class=\"ajR\"><img decoding=\"async\" class=\"ajT\" src=\"https:\/\/ssl.gstatic.com\/ui\/v1\/icons\/mail\/images\/cleardot.gif\" alt=\"\" \/><\/div>\n<\/div>\n","protected":false},"excerpt":{"rendered":"<p>Par\u00eds, SANA El ministro del Interior franc\u00e9s, Bernard Kaznov, declar\u00f3 que &#8220;hay una alta probabilidad de que uno de los ciudadanos franceses haya participado directamente en crimen terrorista perpetrado por terroristas del Estado Isl\u00e1mico contra secuestradso sirios, entre ellos el reh\u00e9n estadounidense Peter Kaseg. The Associated Press cit\u00f3 a Kaznov diciendo: &#8220;la persona en cuesti\u00f3n &hellip;<\/p>\n","protected":false},"author":1,"featured_media":12703,"comment_status":"closed","ping_status":"closed","sticky":false,"template":"","format":"standard","meta":{"footnotes":""},"categories":[456,576],"tags":[2864],"class_list":["post-12702","post","type-post","status-publish","format-standard","has-post-thumbnail","","category-arabe-internacional-politica","category-noticias-politicas","tag-kaznov-es-probable-que-un-ciudadano-frances-haya-participado-en-la-decapitacion-de-secuestrados-en-siria"],"_links":{"self":[{"href":"https:\/\/archive.sana.sy\/es\/index.php?rest_route=\/wp\/v2\/posts\/12702"}],"collection":[{"href":"https:\/\/archive.sana.sy\/es\/index.php?rest_route=\/wp\/v2\/posts"}],"about":[{"href":"https:\/\/archive.sana.sy\/es\/index.php?rest_route=\/wp\/v2\/types\/post"}],"author":[{"embeddable":true,"href":"https:\/\/archive.sana.sy\/es\/index.php?rest_route=\/wp\/v2\/users\/1"}],"replies":[{"embeddable":true,"href":"https:\/\/archive.sana.sy\/es\/index.php?rest_route=%2Fwp%2Fv2%2Fcomments&post=12702"}],"version-history":[{"count":0,"href":"https:\/\/archive.sana.sy\/es\/index.php?rest_route=\/wp\/v2\/posts\/12702\/revisions"}],"wp:featuredmedia":[{"embeddable":true,"href":"https:\/\/archive.sana.sy\/es\/index.php?rest_route=\/wp\/v2\/media\/12703"}],"wp:attachment":[{"href":"https:\/\/archive.sana.sy\/es\/index.php?rest_route=%2Fwp%2Fv2%2Fmedia&parent=12702"}],"wp:term":[{"taxonomy":"category","embeddable":true,"href":"https:\/\/archive.sana.sy\/es\/index.php?rest_route=%2Fwp%2Fv2%2Fcategories&post=12702"},{"taxonomy":"post_tag","embeddable":true,"href":"https:\/\/archive.sana.sy\/es\/index.php?rest_route=%2Fwp%2Fv2%2Ftags&post=12702"}],"curies":[{"name":"wp","href":"https:\/\/api.w.org\/{rel}","templated":true}]}}