{"id":12706,"date":"2014-11-17T15:23:12","date_gmt":"2014-11-17T13:23:12","guid":{"rendered":"http:\/\/www.sana.sy\/es\/?p=12706"},"modified":"2014-11-17T15:23:12","modified_gmt":"2014-11-17T13:23:12","slug":"un-proyectil-de-mortero-disparado-por-terroristas-cae-en-las-inmediaciones-de-la-plaza-maysat-en-damasco","status":"publish","type":"post","link":"https:\/\/archive.sana.sy\/es\/?p=12706","title":{"rendered":"Un proyectil de mortero disparado por terroristas cae en las inmediaciones de la plaza Maysat en Damasco"},"content":{"rendered":"<div><span style=\"color: #ff0000\">Damasco, SANA<\/span><\/div>\n<div><\/div>\n<div><span lang=\"ES-TRAD\">Un proyectil de mortero disparado por terroristas, cay\u00f3 en las inmediaciones de la plaza Maysat en la capital Damasco .<\/span><\/div>\n<div><\/div>\n<div><span lang=\"ES-TRAD\">Una fuente de la comandancia de polic\u00eda de Damasco inform\u00f3 que el proyectil cay\u00f3 cerca de una escuela, sin explotarse pero caus\u00f3 da\u00f1os materiales en la calle.<\/span><\/div>\n<div><\/div>\n<div><span style=\"color: #00ccff\">Fady M., Hala B.<\/span><\/div>\n<div class=\"yj6qo ajU\">\n<div id=\":t4\" class=\"ajR\"><img decoding=\"async\" class=\"ajT\" src=\"https:\/\/ssl.gstatic.com\/ui\/v1\/icons\/mail\/images\/cleardot.gif\" alt=\"\" \/><\/div>\n<\/div>\n","protected":false},"excerpt":{"rendered":"<p>Damasco, SANA Un proyectil de mortero disparado por terroristas, cay\u00f3 en las inmediaciones de la plaza Maysat en la capital Damasco . Una fuente de la comandancia de polic\u00eda de Damasco inform\u00f3 que el proyectil cay\u00f3 cerca de una escuela, sin explotarse pero caus\u00f3 da\u00f1os materiales en la calle. Fady M., Hala B.<\/p>\n","protected":false},"author":1,"featured_media":10920,"comment_status":"closed","ping_status":"closed","sticky":false,"template":"","format":"standard","meta":{"footnotes":""},"categories":[573,476],"tags":[2865],"class_list":["post-12706","post","type-post","status-publish","format-standard","has-post-thumbnail","","category-la-realidad-de-los-acontecimientos-en-siria","category-locales","tag-un-proyectil-de-mortero-disparado-por-terroristas-cae-en-las-inmediaciones-de-la-plaza-maysat-en-damasco"],"_links":{"self":[{"href":"https:\/\/archive.sana.sy\/es\/index.php?rest_route=\/wp\/v2\/posts\/12706"}],"collection":[{"href":"https:\/\/archive.sana.sy\/es\/index.php?rest_route=\/wp\/v2\/posts"}],"about":[{"href":"https:\/\/archive.sana.sy\/es\/index.php?rest_route=\/wp\/v2\/types\/post"}],"author":[{"embeddable":true,"href":"https:\/\/archive.sana.sy\/es\/index.php?rest_route=\/wp\/v2\/users\/1"}],"replies":[{"embeddable":true,"href":"https:\/\/archive.sana.sy\/es\/index.php?rest_route=%2Fwp%2Fv2%2Fcomments&post=12706"}],"version-history":[{"count":0,"href":"https:\/\/archive.sana.sy\/es\/index.php?rest_route=\/wp\/v2\/posts\/12706\/revisions"}],"wp:featuredmedia":[{"embeddable":true,"href":"https:\/\/archive.sana.sy\/es\/index.php?rest_route=\/wp\/v2\/media\/10920"}],"wp:attachment":[{"href":"https:\/\/archive.sana.sy\/es\/index.php?rest_route=%2Fwp%2Fv2%2Fmedia&parent=12706"}],"wp:term":[{"taxonomy":"category","embeddable":true,"href":"https:\/\/archive.sana.sy\/es\/index.php?rest_route=%2Fwp%2Fv2%2Fcategories&post=12706"},{"taxonomy":"post_tag","embeddable":true,"href":"https:\/\/archive.sana.sy\/es\/index.php?rest_route=%2Fwp%2Fv2%2Ftags&post=12706"}],"curies":[{"name":"wp","href":"https:\/\/api.w.org\/{rel}","templated":true}]}}