{"id":12708,"date":"2014-11-17T19:54:01","date_gmt":"2014-11-17T17:54:01","guid":{"rendered":"http:\/\/www.sana.sy\/es\/?p=12708"},"modified":"2014-11-19T16:24:07","modified_gmt":"2014-11-19T14:24:07","slug":"cancilleria-rusa-moscu-esta-preocupada-por-la-muerte-de-civiles-en-bombardeos-de-la-alianza-internacional-contra-eiil","status":"publish","type":"post","link":"https:\/\/archive.sana.sy\/es\/?p=12708","title":{"rendered":"Canciller\u00eda rusa: Mosc\u00fa est\u00e1 preocupada por la muerte de civiles en bombardeos de la alianza internacional contra EIIL"},"content":{"rendered":"<p>Mosc\u00fa-SANA<\/p>\n<p>El Ministerio ruso del Exterior subray\u00f3 hoy que el gobierno sirio contribuye \u00a8de forma importante\u00a8, en hacer frente a la amenaza de las organizaciones terroristas.<\/p>\n<p>En un comunicado la canciller\u00eda rusa dijo que el informe sobre Siria emitido por el Comit\u00e9 internacional independiente afirma que la comunidad internacional deba trabajar colectivamente en conformidad con las resoluciones del Consejo de Seguridad n\u00fameros 2170 y 2178 para que la lucha contra el terrorismo contribuya a la defensa de los derechos humanos.<\/p>\n<p>As\u00ed tambi\u00e9n agreg\u00f3 que Mosc\u00fa respalda el llamamiento del Comit\u00e9 que insta a reanudar el di\u00e1logo sirio interno a fin de favorecer la normalizaci\u00f3n de la situaci\u00f3n pol\u00edtica en Siria, haciendo hincapi\u00e9 en que el tema del antiterrorismo debe ser una prioridad sobre la mesa de las negociaciones entre el gobierno sirio y los diferentes espectros de la oposici\u00f3n.<\/p>\n<p>De igual modo la canciller\u00eda rusa manifest\u00f3 su esperanza de que el informe ayude en unificar a la comunidad internacional de cara al terrorismo y en el lanzamiento de un proceso que contribuya a solucionar la crisis siria.<\/p>\n<p>Tambi\u00e9n manifest\u00f3 su esperanza de que el enviado especial de la ONU a Siria Staffan De Mistura y los \u00f3rganos pertinentes de la ONU que est\u00e1n interesados en la situaci\u00f3n de Siria, tengan en cuenta los resultados y las recomendaciones citados en el informe, ya que indica que el terrorismo constituye la amenaza principal para Siria y la regi\u00f3n.<\/p>\n<p>En el mismo contexto, el Ministerio de Exteriores de Rusia expres\u00f3 su preocupaci\u00f3n sobre informes que hablan de la muerte de civiles en las incursiones llevadas a cabo por la alianza internacional contra las posiciones del EIIL en Siria.<\/p>\n<p>Yamil K.-Riyad Sh.<\/p>\n","protected":false},"excerpt":{"rendered":"<p>Mosc\u00fa-SANA El Ministerio ruso del Exterior subray\u00f3 hoy que el gobierno sirio contribuye \u00a8de forma importante\u00a8, en hacer frente a la amenaza de las organizaciones terroristas. En un comunicado la canciller\u00eda rusa dijo que el informe sobre Siria emitido por el Comit\u00e9 internacional independiente afirma que la comunidad internacional deba trabajar colectivamente en conformidad con &hellip;<\/p>\n","protected":false},"author":1,"featured_media":12709,"comment_status":"closed","ping_status":"closed","sticky":false,"template":"","format":"standard","meta":{"footnotes":""},"categories":[456,457],"tags":[],"class_list":["post-12708","post","type-post","status-publish","format-standard","has-post-thumbnail","","category-arabe-internacional-politica","category-noticias-arabe-internacional-politica"],"_links":{"self":[{"href":"https:\/\/archive.sana.sy\/es\/index.php?rest_route=\/wp\/v2\/posts\/12708"}],"collection":[{"href":"https:\/\/archive.sana.sy\/es\/index.php?rest_route=\/wp\/v2\/posts"}],"about":[{"href":"https:\/\/archive.sana.sy\/es\/index.php?rest_route=\/wp\/v2\/types\/post"}],"author":[{"embeddable":true,"href":"https:\/\/archive.sana.sy\/es\/index.php?rest_route=\/wp\/v2\/users\/1"}],"replies":[{"embeddable":true,"href":"https:\/\/archive.sana.sy\/es\/index.php?rest_route=%2Fwp%2Fv2%2Fcomments&post=12708"}],"version-history":[{"count":0,"href":"https:\/\/archive.sana.sy\/es\/index.php?rest_route=\/wp\/v2\/posts\/12708\/revisions"}],"wp:featuredmedia":[{"embeddable":true,"href":"https:\/\/archive.sana.sy\/es\/index.php?rest_route=\/wp\/v2\/media\/12709"}],"wp:attachment":[{"href":"https:\/\/archive.sana.sy\/es\/index.php?rest_route=%2Fwp%2Fv2%2Fmedia&parent=12708"}],"wp:term":[{"taxonomy":"category","embeddable":true,"href":"https:\/\/archive.sana.sy\/es\/index.php?rest_route=%2Fwp%2Fv2%2Fcategories&post=12708"},{"taxonomy":"post_tag","embeddable":true,"href":"https:\/\/archive.sana.sy\/es\/index.php?rest_route=%2Fwp%2Fv2%2Ftags&post=12708"}],"curies":[{"name":"wp","href":"https:\/\/api.w.org\/{rel}","templated":true}]}}