{"id":127087,"date":"2020-01-14T07:20:12","date_gmt":"2020-01-14T05:20:12","guid":{"rendered":"http:\/\/sana.sy\/es\/?p=127087"},"modified":"2023-01-12T14:44:53","modified_gmt":"2023-01-12T12:44:53","slug":"moallem-llega-a-oman-para-ofrecer-condolencias-por-el-fallecimiento-del-sultan-qabous","status":"publish","type":"post","link":"https:\/\/archive.sana.sy\/es\/?p=127087","title":{"rendered":"Canciller al-Moallem llega a Om\u00e1n para ofrecer condolencias por el fallecimiento del Sult\u00e1n Qabous"},"content":{"rendered":"<p style=\"text-align: justify;\"><strong><span style=\"color: #800000;\">Muscat, SANA<\/span><\/strong><\/p>\n<p style=\"text-align: justify;\">En representaci\u00f3n del presidente Bashar Al-Assad, el Ministro de Exteriores y Expatriados, Walid al-Moallem lleg\u00f3 a la capital oman\u00ed Muscat para ofrecer condolencias por el fallecimiento del Sult\u00e1n Qabous Bin Sayed, quien falleci\u00f3 el viernes \u00faltimo a la edad de 79 a\u00f1os.<\/p>\n<p style=\"text-align: justify;\">Est\u00e1 previsto que el canciller se re\u00fana hoy martes con el sult\u00e1n Haitham Bin Tareq para ofrecer las condolencias.<\/p>\n<p style=\"text-align: justify;\"><span style=\"color: #0000ff;\"><strong>Y.K\/F.M<\/strong><\/span><\/p>\n","protected":false},"excerpt":{"rendered":"<p>Muscat, SANA En representaci\u00f3n del presidente Bashar Al-Assad, el Ministro de Exteriores y Expatriados, Walid al-Moallem lleg\u00f3 a la capital oman\u00ed Muscat para ofrecer condolencias por el fallecimiento del Sult\u00e1n Qabous Bin Sayed, quien falleci\u00f3 el viernes \u00faltimo a la edad de 79 a\u00f1os. Est\u00e1 previsto que el canciller se re\u00fana hoy martes con el &hellip;<\/p>\n","protected":false},"author":1,"featured_media":127088,"comment_status":"closed","ping_status":"closed","sticky":false,"template":"","format":"standard","meta":{"footnotes":""},"categories":[597,456,476,467,7541],"tags":[],"class_list":["post-127087","post","type-post","status-publish","format-standard","has-post-thumbnail","","category-cinta-de-noticias","category-arabe-internacional-politica","category-locales","category-siria-y-el-mundo","category-ultimas-noticias"],"_links":{"self":[{"href":"https:\/\/archive.sana.sy\/es\/index.php?rest_route=\/wp\/v2\/posts\/127087"}],"collection":[{"href":"https:\/\/archive.sana.sy\/es\/index.php?rest_route=\/wp\/v2\/posts"}],"about":[{"href":"https:\/\/archive.sana.sy\/es\/index.php?rest_route=\/wp\/v2\/types\/post"}],"author":[{"embeddable":true,"href":"https:\/\/archive.sana.sy\/es\/index.php?rest_route=\/wp\/v2\/users\/1"}],"replies":[{"embeddable":true,"href":"https:\/\/archive.sana.sy\/es\/index.php?rest_route=%2Fwp%2Fv2%2Fcomments&post=127087"}],"version-history":[{"count":0,"href":"https:\/\/archive.sana.sy\/es\/index.php?rest_route=\/wp\/v2\/posts\/127087\/revisions"}],"wp:featuredmedia":[{"embeddable":true,"href":"https:\/\/archive.sana.sy\/es\/index.php?rest_route=\/wp\/v2\/media\/127088"}],"wp:attachment":[{"href":"https:\/\/archive.sana.sy\/es\/index.php?rest_route=%2Fwp%2Fv2%2Fmedia&parent=127087"}],"wp:term":[{"taxonomy":"category","embeddable":true,"href":"https:\/\/archive.sana.sy\/es\/index.php?rest_route=%2Fwp%2Fv2%2Fcategories&post=127087"},{"taxonomy":"post_tag","embeddable":true,"href":"https:\/\/archive.sana.sy\/es\/index.php?rest_route=%2Fwp%2Fv2%2Ftags&post=127087"}],"curies":[{"name":"wp","href":"https:\/\/api.w.org\/{rel}","templated":true}]}}