{"id":127105,"date":"2020-01-14T07:27:31","date_gmt":"2020-01-14T05:27:31","guid":{"rendered":"http:\/\/sana.sy\/es\/?p=127105"},"modified":"2020-01-14T07:27:31","modified_gmt":"2020-01-14T05:27:31","slug":"siria-condecora-al-general-soleimani-la-medalla-de-heroe-de-la-republica","status":"publish","type":"post","link":"https:\/\/archive.sana.sy\/es\/?p=127105","title":{"rendered":"Siria condecora al general Soleimani la medalla de H\u00e9roe de la Rep\u00fablica"},"content":{"rendered":"<p style=\"text-align: justify;\"><span style=\"color: #800000;\"><strong>Teher\u00e1n, SANA<\/strong><\/span><\/p>\n<p style=\"text-align: justify;\">El ministro de Defensa, el teniente general Ali Ayoub, entreg\u00f3 la medalla de H\u00e9roe de la Rep\u00fablica \u00c1rabe Siria, otorgada por el presidente Bashar Al-Assad al general m\u00e1rtir Qassem Soleimani.<\/p>\n<p style=\"text-align: justify;\">Recibi\u00f3 la m\u00e1xima medalla el ministro de Defensa y Fuerzas Armadas iran\u00edes, el brigadier Amir Hatami.<\/p>\n<p style=\"text-align: justify;\">El Titular de Defensa sirio elogi\u00f3 durante una reuni\u00f3n bilateral con el brigadier Hatami en Teher\u00e1n, al m\u00e1rtir general Soleimani y sus grandes sacrificios, y su rol y apoyo al pueblo sirio en la lucha contra el terrorismo.<\/p>\n<p style=\"text-align: justify;\">Indic\u00f3 que la historia inmortalizar\u00e1 el nombre del m\u00e1rtir para siempre.<\/p>\n<p style=\"text-align: justify;\">A su vez, Hatami expres\u00f3 su agradecimiento y aprecio por la solidaridad de Siria con el con el gobierno y el pueblo de Ir\u00e1n, y subray\u00f3 que el camino de la resistencia seguir\u00e1 y si no fuera por los sacrificios del Eje de la Resistencia la organizaci\u00f3n terrorista Daesh hubiera ocupado extensas zonas en la regi\u00f3n.<\/p>\n<p style=\"text-align: justify;\">Reiter\u00f3 el apoyo de su pa\u00eds a Siria en la fase de reconstrucci\u00f3n tal como la apoyo en la etapa de la lucha contra el terrorismo.<\/p>\n<p style=\"text-align: justify;\"><strong><span style=\"color: #0000ff;\">F.M<\/span><\/strong><\/p>\n","protected":false},"excerpt":{"rendered":"<p>Teher\u00e1n, SANA El ministro de Defensa, el teniente general Ali Ayoub, entreg\u00f3 la medalla de H\u00e9roe de la Rep\u00fablica \u00c1rabe Siria, otorgada por el presidente Bashar Al-Assad al general m\u00e1rtir Qassem Soleimani. Recibi\u00f3 la m\u00e1xima medalla el ministro de Defensa y Fuerzas Armadas iran\u00edes, el brigadier Amir Hatami. El Titular de Defensa sirio elogi\u00f3 durante &hellip;<\/p>\n","protected":false},"author":34,"featured_media":127106,"comment_status":"closed","ping_status":"closed","sticky":false,"template":"","format":"standard","meta":{"footnotes":""},"categories":[477,447,597,456,476,467,583],"tags":[],"class_list":["post-127105","post","type-post","status-publish","format-standard","has-post-thumbnail","","category-noticias-edulcorantes","category-local-politica","category-cinta-de-noticias","category-arabe-internacional-politica","category-locales","category-siria-y-el-mundo","category-slide"],"_links":{"self":[{"href":"https:\/\/archive.sana.sy\/es\/index.php?rest_route=\/wp\/v2\/posts\/127105"}],"collection":[{"href":"https:\/\/archive.sana.sy\/es\/index.php?rest_route=\/wp\/v2\/posts"}],"about":[{"href":"https:\/\/archive.sana.sy\/es\/index.php?rest_route=\/wp\/v2\/types\/post"}],"author":[{"embeddable":true,"href":"https:\/\/archive.sana.sy\/es\/index.php?rest_route=\/wp\/v2\/users\/34"}],"replies":[{"embeddable":true,"href":"https:\/\/archive.sana.sy\/es\/index.php?rest_route=%2Fwp%2Fv2%2Fcomments&post=127105"}],"version-history":[{"count":0,"href":"https:\/\/archive.sana.sy\/es\/index.php?rest_route=\/wp\/v2\/posts\/127105\/revisions"}],"wp:featuredmedia":[{"embeddable":true,"href":"https:\/\/archive.sana.sy\/es\/index.php?rest_route=\/wp\/v2\/media\/127106"}],"wp:attachment":[{"href":"https:\/\/archive.sana.sy\/es\/index.php?rest_route=%2Fwp%2Fv2%2Fmedia&parent=127105"}],"wp:term":[{"taxonomy":"category","embeddable":true,"href":"https:\/\/archive.sana.sy\/es\/index.php?rest_route=%2Fwp%2Fv2%2Fcategories&post=127105"},{"taxonomy":"post_tag","embeddable":true,"href":"https:\/\/archive.sana.sy\/es\/index.php?rest_route=%2Fwp%2Fv2%2Ftags&post=127105"}],"curies":[{"name":"wp","href":"https:\/\/api.w.org\/{rel}","templated":true}]}}