{"id":12732,"date":"2014-11-18T14:49:58","date_gmt":"2014-11-18T12:49:58","guid":{"rendered":"http:\/\/www.sana.sy\/es\/?p=12732"},"modified":"2014-11-18T14:49:58","modified_gmt":"2014-11-18T12:49:58","slug":"fuerzas-iraquies-controlan-el-mayor-deposito-de-armas-y-municiones-del-ei-en-la-provincia-de-diyala","status":"publish","type":"post","link":"https:\/\/archive.sana.sy\/es\/?p=12732","title":{"rendered":"Fuerzas iraqu\u00edes controlan el mayor dep\u00f3sito de armas y municiones del EI en la provincia de Diyala"},"content":{"rendered":"<div><span style=\"color: #ff0000\">Bagdad, SANA<\/span><\/div>\n<div><\/div>\n<div><span lang=\"ES-TRAD\">Las fuerzas iraqu\u00edes anunciaron que lograron controlar al mayor dep\u00f3sito de armas y municiones de la organizaci\u00f3n terrorista del Estado Isl\u00e1mico, en la zona de la Gran Presa en la provincia de Diyala.<\/span><\/div>\n<div><\/div>\n<div><span lang=\"ES-TRAD\">Seg\u00fan fuentes militares iraqu\u00edes, el dep\u00f3sito incluye morteros, proyectiles de tanques y armas ligeras, as\u00ed como suministros para la fabricaci\u00f3n de artefactos explosivos.<\/span><\/div>\n<div><\/div>\n<div><span lang=\"ES-TRAD\">Por otro lado, el jefe de la comisi\u00f3n de seguridad en la provincia de Babel declar\u00f3 que fueron desplegados siete mil combatientes de las fuerzas de seguridad y agentes populares para asegurar la frontera con la provincia de Anbar.<\/span><\/div>\n<div><\/div>\n<div><span lang=\"ES-TRAD\">De igual manera, el presidente del Consejo de Sahwa de Irak habl\u00f3 de la disposici\u00f3n de 450 agentes del Sahwa para unirse a las fuerzas de seguridad para combatir la organizaci\u00f3n terrorista del Estado Isl\u00e1mico.<\/span><\/div>\n<div><\/div>\n<div><span style=\"color: #00ccff\">Fady M., Hala B.<\/span><\/div>\n<div class=\"yj6qo ajU\">\n<div id=\":12q\" class=\"ajR\"><img decoding=\"async\" class=\"ajT\" src=\"https:\/\/ssl.gstatic.com\/ui\/v1\/icons\/mail\/images\/cleardot.gif\" alt=\"\" \/><\/div>\n<\/div>\n","protected":false},"excerpt":{"rendered":"<p>Bagdad, SANA Las fuerzas iraqu\u00edes anunciaron que lograron controlar al mayor dep\u00f3sito de armas y municiones de la organizaci\u00f3n terrorista del Estado Isl\u00e1mico, en la zona de la Gran Presa en la provincia de Diyala. Seg\u00fan fuentes militares iraqu\u00edes, el dep\u00f3sito incluye morteros, proyectiles de tanques y armas ligeras, as\u00ed como suministros para la fabricaci\u00f3n &hellip;<\/p>\n","protected":false},"author":1,"featured_media":12733,"comment_status":"closed","ping_status":"closed","sticky":false,"template":"","format":"standard","meta":{"footnotes":""},"categories":[597,456],"tags":[2869],"class_list":["post-12732","post","type-post","status-publish","format-standard","has-post-thumbnail","","category-cinta-de-noticias","category-arabe-internacional-politica","tag-fuerzas-iraquies-controlan-el-mayor-deposito-de-armas-y-municiones-del-ei-en-la-provincia-de-diyala"],"_links":{"self":[{"href":"https:\/\/archive.sana.sy\/es\/index.php?rest_route=\/wp\/v2\/posts\/12732"}],"collection":[{"href":"https:\/\/archive.sana.sy\/es\/index.php?rest_route=\/wp\/v2\/posts"}],"about":[{"href":"https:\/\/archive.sana.sy\/es\/index.php?rest_route=\/wp\/v2\/types\/post"}],"author":[{"embeddable":true,"href":"https:\/\/archive.sana.sy\/es\/index.php?rest_route=\/wp\/v2\/users\/1"}],"replies":[{"embeddable":true,"href":"https:\/\/archive.sana.sy\/es\/index.php?rest_route=%2Fwp%2Fv2%2Fcomments&post=12732"}],"version-history":[{"count":0,"href":"https:\/\/archive.sana.sy\/es\/index.php?rest_route=\/wp\/v2\/posts\/12732\/revisions"}],"wp:featuredmedia":[{"embeddable":true,"href":"https:\/\/archive.sana.sy\/es\/index.php?rest_route=\/wp\/v2\/media\/12733"}],"wp:attachment":[{"href":"https:\/\/archive.sana.sy\/es\/index.php?rest_route=%2Fwp%2Fv2%2Fmedia&parent=12732"}],"wp:term":[{"taxonomy":"category","embeddable":true,"href":"https:\/\/archive.sana.sy\/es\/index.php?rest_route=%2Fwp%2Fv2%2Fcategories&post=12732"},{"taxonomy":"post_tag","embeddable":true,"href":"https:\/\/archive.sana.sy\/es\/index.php?rest_route=%2Fwp%2Fv2%2Ftags&post=12732"}],"curies":[{"name":"wp","href":"https:\/\/api.w.org\/{rel}","templated":true}]}}