{"id":127405,"date":"2020-01-16T13:44:05","date_gmt":"2020-01-16T11:44:05","guid":{"rendered":"http:\/\/sana.sy\/es\/?p=127405"},"modified":"2020-01-16T18:46:40","modified_gmt":"2020-01-16T16:46:40","slug":"organizan-acto-cerca-de-la-valla-de-separacion-con-el-golan-ocupado-por-la-liberacion-de-los-dos-prisioneros","status":"publish","type":"post","link":"https:\/\/archive.sana.sy\/es\/?p=127405","title":{"rendered":"Sirios se concentran cerca de la valla de separaci\u00f3n en el Gol\u00e1n ocupado para celebrar la liberaci\u00f3n de dos prisioneros"},"content":{"rendered":"<div class=\"gmail_default\">\n<p style=\"text-align: justify;\"><span style=\"color: #800000;\">Quneitra, SANA<\/span><\/p>\n<div style=\"text-align: justify;\">\n<p>Un acto popular y oficial fue organizada hoy en la localidad de Ain al-Tinah cerca de la valla de separaci\u00f3n con el ocupado Gol\u00e1n sirio, frente a la ocupada ciudad de Majdal Shames.<\/p>\n<p>El acto se efectu\u00f3 con motivo de la liberaci\u00f3n del decano de los prisioneros sirios Sidqi Al-Muqt y el prisionero Amal Fawzi Abu Saleh de las c\u00e1rceles de ocupaci\u00f3n israel\u00edes.<\/p>\n<p>Los participantes afirmaron que la liberaci\u00f3n de los prisioneros de las c\u00e1rceles de ocupaci\u00f3n es una victoria para Siria y la voluntad de la resistencia a la arrogancia sionista.<\/p>\n<p>Asimismo, destacaron y celebraron las victorias del ej\u00e9rcito \u00e1rabe sirio en sus batallas contra el terrorismo.<\/p>\n<\/div>\n<p style=\"text-align: justify;\"><strong><span style=\"color: #0000ff;\">F.M\/ E.D<\/span><\/strong><\/p>\n<\/div>\n<p style=\"text-align: justify;\">\n","protected":false},"excerpt":{"rendered":"<p>Quneitra, SANA Un acto popular y oficial fue organizada hoy en la localidad de Ain al-Tinah cerca de la valla de separaci\u00f3n con el ocupado Gol\u00e1n sirio, frente a la ocupada ciudad de Majdal Shames. El acto se efectu\u00f3 con motivo de la liberaci\u00f3n del decano de los prisioneros sirios Sidqi Al-Muqt y el prisionero &hellip;<\/p>\n","protected":false},"author":32,"featured_media":127408,"comment_status":"closed","ping_status":"closed","sticky":false,"template":"","format":"standard","meta":{"footnotes":""},"categories":[597,476,7541],"tags":[17355,17356],"class_list":["post-127405","post","type-post","status-publish","format-standard","has-post-thumbnail","","category-cinta-de-noticias","category-locales","category-ultimas-noticias","tag-organizan-acto-cerca-de-la-valla-de-separacion-con-el-golan-ocupado-por-la-liberacion-de-los-dos-prisioneros","tag-sirios-se-concentran-cerca-de-la-valla-de-separacion-en-el-golan-ocupado-para-celebrar-la-liberacion-de-dos-prisioneros"],"_links":{"self":[{"href":"https:\/\/archive.sana.sy\/es\/index.php?rest_route=\/wp\/v2\/posts\/127405"}],"collection":[{"href":"https:\/\/archive.sana.sy\/es\/index.php?rest_route=\/wp\/v2\/posts"}],"about":[{"href":"https:\/\/archive.sana.sy\/es\/index.php?rest_route=\/wp\/v2\/types\/post"}],"author":[{"embeddable":true,"href":"https:\/\/archive.sana.sy\/es\/index.php?rest_route=\/wp\/v2\/users\/32"}],"replies":[{"embeddable":true,"href":"https:\/\/archive.sana.sy\/es\/index.php?rest_route=%2Fwp%2Fv2%2Fcomments&post=127405"}],"version-history":[{"count":0,"href":"https:\/\/archive.sana.sy\/es\/index.php?rest_route=\/wp\/v2\/posts\/127405\/revisions"}],"wp:featuredmedia":[{"embeddable":true,"href":"https:\/\/archive.sana.sy\/es\/index.php?rest_route=\/wp\/v2\/media\/127408"}],"wp:attachment":[{"href":"https:\/\/archive.sana.sy\/es\/index.php?rest_route=%2Fwp%2Fv2%2Fmedia&parent=127405"}],"wp:term":[{"taxonomy":"category","embeddable":true,"href":"https:\/\/archive.sana.sy\/es\/index.php?rest_route=%2Fwp%2Fv2%2Fcategories&post=127405"},{"taxonomy":"post_tag","embeddable":true,"href":"https:\/\/archive.sana.sy\/es\/index.php?rest_route=%2Fwp%2Fv2%2Ftags&post=127405"}],"curies":[{"name":"wp","href":"https:\/\/api.w.org\/{rel}","templated":true}]}}