{"id":12745,"date":"2014-11-18T15:47:14","date_gmt":"2014-11-18T13:47:14","guid":{"rendered":"http:\/\/www.sana.sy\/es\/?p=12745"},"modified":"2014-11-18T17:14:19","modified_gmt":"2014-11-18T15:14:19","slug":"siria-e-irak-examinan-las-vias-de-fortalecer-las-relaciones-bilaterales","status":"publish","type":"post","link":"https:\/\/archive.sana.sy\/es\/?p=12745","title":{"rendered":"Siria e Irak examinan las v\u00edas de fortalecer las relaciones bilaterales"},"content":{"rendered":"<p>Bagdad, SANA<\/p>\n<p>El primer ministro, Bahaa al-Aray, examin\u00f3 este martes con el embajador de Siria en Irak, Sattam Yadaan al-Dandah, la situaci\u00f3n pol\u00edtica y de seguridad en ambos pa\u00edses, y las v\u00edas de fortalecer las relaciones bilaterales.<\/p>\n<p>El embajador al-Dandah declar\u00f3 que la lucha contra el terrorismo empieza por presionar a los pa\u00edses patrocinadores del terrorismo, ratificando que Siria hoy en d\u00eda est\u00e1 librando una guerra para defender su dignidad, libertad y decisi\u00f3n independiente.<\/p>\n<p>Asimismo recalc\u00f3 en la necesidad de la coordinaci\u00f3n entre Siria e Irak para hacer frente a la instigaci\u00f3n sectaria que algunas organizaciones terroristas tratan de sembrar en la regi\u00f3n para llegar a un buen puerto.<\/p>\n<p>&nbsp;<br \/>\nLynn A., Fady M.<\/p>\n","protected":false},"excerpt":{"rendered":"<p>Bagdad, SANA El primer ministro, Bahaa al-Aray, examin\u00f3 este martes con el embajador de Siria en Irak, Sattam Yadaan al-Dandah, la situaci\u00f3n pol\u00edtica y de seguridad en ambos pa\u00edses, y las v\u00edas de fortalecer las relaciones bilaterales. El embajador al-Dandah declar\u00f3 que la lucha contra el terrorismo empieza por presionar a los pa\u00edses patrocinadores del &hellip;<\/p>\n","protected":false},"author":24,"featured_media":12746,"comment_status":"closed","ping_status":"closed","sticky":false,"template":"","format":"standard","meta":{"footnotes":""},"categories":[456,457],"tags":[2872],"class_list":["post-12745","post","type-post","status-publish","format-standard","has-post-thumbnail","","category-arabe-internacional-politica","category-noticias-arabe-internacional-politica","tag-siria-e-irak-examinan-las-vias-de-fortalecer-las-relaciones-bilaterales"],"_links":{"self":[{"href":"https:\/\/archive.sana.sy\/es\/index.php?rest_route=\/wp\/v2\/posts\/12745"}],"collection":[{"href":"https:\/\/archive.sana.sy\/es\/index.php?rest_route=\/wp\/v2\/posts"}],"about":[{"href":"https:\/\/archive.sana.sy\/es\/index.php?rest_route=\/wp\/v2\/types\/post"}],"author":[{"embeddable":true,"href":"https:\/\/archive.sana.sy\/es\/index.php?rest_route=\/wp\/v2\/users\/24"}],"replies":[{"embeddable":true,"href":"https:\/\/archive.sana.sy\/es\/index.php?rest_route=%2Fwp%2Fv2%2Fcomments&post=12745"}],"version-history":[{"count":0,"href":"https:\/\/archive.sana.sy\/es\/index.php?rest_route=\/wp\/v2\/posts\/12745\/revisions"}],"wp:featuredmedia":[{"embeddable":true,"href":"https:\/\/archive.sana.sy\/es\/index.php?rest_route=\/wp\/v2\/media\/12746"}],"wp:attachment":[{"href":"https:\/\/archive.sana.sy\/es\/index.php?rest_route=%2Fwp%2Fv2%2Fmedia&parent=12745"}],"wp:term":[{"taxonomy":"category","embeddable":true,"href":"https:\/\/archive.sana.sy\/es\/index.php?rest_route=%2Fwp%2Fv2%2Fcategories&post=12745"},{"taxonomy":"post_tag","embeddable":true,"href":"https:\/\/archive.sana.sy\/es\/index.php?rest_route=%2Fwp%2Fv2%2Ftags&post=12745"}],"curies":[{"name":"wp","href":"https:\/\/api.w.org\/{rel}","templated":true}]}}