{"id":127722,"date":"2020-01-19T18:21:50","date_gmt":"2020-01-19T16:21:50","guid":{"rendered":"http:\/\/sana.sy\/es\/?p=127722"},"modified":"2023-01-10T15:15:25","modified_gmt":"2023-01-10T13:15:25","slug":"primer-ministro-denuncia-efectos-de-la-guerra-economica-contra-el-pueblo","status":"publish","type":"post","link":"https:\/\/archive.sana.sy\/es\/?p=127722","title":{"rendered":"Primer ministro denuncia efectos de la guerra econ\u00f3mica contra el pueblo"},"content":{"rendered":"<p style=\"text-align: justify;\"><strong><span style=\"color: #800000;\">Damasco, SANA<\/span><\/strong><\/p>\n<p style=\"text-align: justify;\">El primer ministro, Imad Khamis, afirm\u00f3 en una intervenci\u00f3n ante la Asamblea del Pueblo (parlamento) que los proyectos productivos, de desarrollo y de servicios implementados por el gobierno en los \u00faltimos a\u00f1os en todas las provincias contribuyeron en gran medida a aliviar la magnitud de las presiones econ\u00f3micas que enfrenta el pa\u00eds.<\/p>\n<p style=\"text-align: justify;\">Aclar\u00f3 que en paralelo con las grandes victorias logradas de las fuerzas armadas y sus aliados, las fuerzas agresoras intensificaron su guerra econ\u00f3mica y endurecieron el bloqueo impuesto a Siria, al mismo tiempo en que la administraci\u00f3n estadounidense anunci\u00f3 p\u00fablicamente su decisi\u00f3n de robar petr\u00f3leo sirio y apoyar los disturbios internos en varios pa\u00edses vecinos.<\/p>\n<p style=\"text-align: justify;\"><img loading=\"lazy\" decoding=\"async\" class=\"size-medium wp-image-127724 alignleft\" src=\"http:\/\/sana.sy\/es\/wp-content\/uploads\/2020\/01\/almajlessssss-660x330-1-300x150.jpg\" alt=\"\" width=\"300\" height=\"150\" srcset=\"https:\/\/archive.sana.sy\/es\/wp-content\/uploads\/2020\/01\/almajlessssss-660x330-1-300x150.jpg 300w, https:\/\/archive.sana.sy\/es\/wp-content\/uploads\/2020\/01\/almajlessssss-660x330-1-150x75.jpg 150w, https:\/\/archive.sana.sy\/es\/wp-content\/uploads\/2020\/01\/almajlessssss-660x330-1.jpg 660w\" sizes=\"(max-width: 300px) 100vw, 300px\" \/>\u201cTodo lo anterior llev\u00f3 a repercusiones econ\u00f3micas cuyo objetivo principal es atizar al ciudadano sirio contra su Estado; y entre esas repercusiones es la ca\u00edda del tipo de cambio de la libra despu\u00e9s de un per\u00edodo de estabilidad que dur\u00f3 m\u00e1s de dos a\u00f1os y medio, as\u00ed como la dificultad de importar los bienes y materiales, especialmente los derivados del petr\u00f3leo y alimentos\u201d, explic\u00f3.<\/p>\n<p style=\"text-align: justify;\">El jefe del Ejecutivo se\u00f1al\u00f3 que la mayor parte de la acci\u00f3n del gobierno se ha destinado a implementar estrategias para reconstruir la econom\u00eda nacional.<\/p>\n<p style=\"text-align: justify;\">Expres\u00f3 su confianza en que Siria superar\u00e1 los efectos del asedio ilegal y las sanciones impuestas y lograr\u00e1 superar la guerra actual y lograr una victoria que tendr\u00e1 efectos en todo el mundo.<\/p>\n<p style=\"text-align: justify;\"><span style=\"color: #0000ff;\"><strong>F.M<\/strong><\/span><\/p>\n","protected":false},"excerpt":{"rendered":"<p>Damasco, SANA El primer ministro, Imad Khamis, afirm\u00f3 en una intervenci\u00f3n ante la Asamblea del Pueblo (parlamento) que los proyectos productivos, de desarrollo y de servicios implementados por el gobierno en los \u00faltimos a\u00f1os en todas las provincias contribuyeron en gran medida a aliviar la magnitud de las presiones econ\u00f3micas que enfrenta el pa\u00eds. Aclar\u00f3 &hellip;<\/p>\n","protected":false},"author":34,"featured_media":127723,"comment_status":"closed","ping_status":"closed","sticky":false,"template":"","format":"standard","meta":{"footnotes":""},"categories":[447,597,16686,485,476,7541],"tags":[],"class_list":["post-127722","post","type-post","status-publish","format-standard","has-post-thumbnail","","category-local-politica","category-cinta-de-noticias","category-economia","category-informes-negocios-y-finanzas","category-locales","category-ultimas-noticias"],"_links":{"self":[{"href":"https:\/\/archive.sana.sy\/es\/index.php?rest_route=\/wp\/v2\/posts\/127722"}],"collection":[{"href":"https:\/\/archive.sana.sy\/es\/index.php?rest_route=\/wp\/v2\/posts"}],"about":[{"href":"https:\/\/archive.sana.sy\/es\/index.php?rest_route=\/wp\/v2\/types\/post"}],"author":[{"embeddable":true,"href":"https:\/\/archive.sana.sy\/es\/index.php?rest_route=\/wp\/v2\/users\/34"}],"replies":[{"embeddable":true,"href":"https:\/\/archive.sana.sy\/es\/index.php?rest_route=%2Fwp%2Fv2%2Fcomments&post=127722"}],"version-history":[{"count":0,"href":"https:\/\/archive.sana.sy\/es\/index.php?rest_route=\/wp\/v2\/posts\/127722\/revisions"}],"wp:featuredmedia":[{"embeddable":true,"href":"https:\/\/archive.sana.sy\/es\/index.php?rest_route=\/wp\/v2\/media\/127723"}],"wp:attachment":[{"href":"https:\/\/archive.sana.sy\/es\/index.php?rest_route=%2Fwp%2Fv2%2Fmedia&parent=127722"}],"wp:term":[{"taxonomy":"category","embeddable":true,"href":"https:\/\/archive.sana.sy\/es\/index.php?rest_route=%2Fwp%2Fv2%2Fcategories&post=127722"},{"taxonomy":"post_tag","embeddable":true,"href":"https:\/\/archive.sana.sy\/es\/index.php?rest_route=%2Fwp%2Fv2%2Ftags&post=127722"}],"curies":[{"name":"wp","href":"https:\/\/api.w.org\/{rel}","templated":true}]}}