{"id":127745,"date":"2020-01-19T22:32:26","date_gmt":"2020-01-19T20:32:26","guid":{"rendered":"http:\/\/sana.sy\/es\/?p=127745"},"modified":"2020-01-20T06:39:34","modified_gmt":"2020-01-20T04:39:34","slug":"baterias-antiaereas-interceptan-drones-lanzados-por-los-terroristas-contra-el-aeropuerto-de-hmemin","status":"publish","type":"post","link":"https:\/\/archive.sana.sy\/es\/?p=127745","title":{"rendered":"Bater\u00edas antia\u00e9reas interceptan drones lanzados por terroristas contra la base de Hememin en Latakia"},"content":{"rendered":"<p style=\"text-align: justify;\"><strong><span style=\"color: #800000;\">Latakia, SANA<\/span><\/strong><\/p>\n<p style=\"text-align: justify;\">El sistema de defensa antia\u00e9reo intercept\u00f3 drones guiados por los terroristas para atacar la base a\u00e9rea de Hememin en la provincia de Latakia, 348 km al noroeste de la capital Damasco.<\/p>\n<p style=\"text-align: justify;\">Las aeronaves fueron lanzadas desde las zonas con presencia de terroristas en la provincia de Idleb.<\/p>\n<p style=\"text-align: justify;\">El fuego de las bater\u00edas antia\u00e9reas del ej\u00e9rcito destruy\u00f3 a todos los aviones no tripulados antes de alcanzar sus objetivos.<\/p>\n<p style=\"text-align: justify;\"><strong><span style=\"color: #0000ff;\">Y.K\/F.M<\/span><\/strong><\/p>\n","protected":false},"excerpt":{"rendered":"<p>Latakia, SANA El sistema de defensa antia\u00e9reo intercept\u00f3 drones guiados por los terroristas para atacar la base a\u00e9rea de Hememin en la provincia de Latakia, 348 km al noroeste de la capital Damasco. Las aeronaves fueron lanzadas desde las zonas con presencia de terroristas en la provincia de Idleb. El fuego de las bater\u00edas antia\u00e9reas &hellip;<\/p>\n","protected":false},"author":1,"featured_media":127748,"comment_status":"closed","ping_status":"closed","sticky":false,"template":"","format":"standard","meta":{"footnotes":""},"categories":[447,597,573,476,7541],"tags":[],"class_list":["post-127745","post","type-post","status-publish","format-standard","has-post-thumbnail","","category-local-politica","category-cinta-de-noticias","category-la-realidad-de-los-acontecimientos-en-siria","category-locales","category-ultimas-noticias"],"_links":{"self":[{"href":"https:\/\/archive.sana.sy\/es\/index.php?rest_route=\/wp\/v2\/posts\/127745"}],"collection":[{"href":"https:\/\/archive.sana.sy\/es\/index.php?rest_route=\/wp\/v2\/posts"}],"about":[{"href":"https:\/\/archive.sana.sy\/es\/index.php?rest_route=\/wp\/v2\/types\/post"}],"author":[{"embeddable":true,"href":"https:\/\/archive.sana.sy\/es\/index.php?rest_route=\/wp\/v2\/users\/1"}],"replies":[{"embeddable":true,"href":"https:\/\/archive.sana.sy\/es\/index.php?rest_route=%2Fwp%2Fv2%2Fcomments&post=127745"}],"version-history":[{"count":0,"href":"https:\/\/archive.sana.sy\/es\/index.php?rest_route=\/wp\/v2\/posts\/127745\/revisions"}],"wp:featuredmedia":[{"embeddable":true,"href":"https:\/\/archive.sana.sy\/es\/index.php?rest_route=\/wp\/v2\/media\/127748"}],"wp:attachment":[{"href":"https:\/\/archive.sana.sy\/es\/index.php?rest_route=%2Fwp%2Fv2%2Fmedia&parent=127745"}],"wp:term":[{"taxonomy":"category","embeddable":true,"href":"https:\/\/archive.sana.sy\/es\/index.php?rest_route=%2Fwp%2Fv2%2Fcategories&post=127745"},{"taxonomy":"post_tag","embeddable":true,"href":"https:\/\/archive.sana.sy\/es\/index.php?rest_route=%2Fwp%2Fv2%2Ftags&post=127745"}],"curies":[{"name":"wp","href":"https:\/\/api.w.org\/{rel}","templated":true}]}}