{"id":127837,"date":"2020-01-21T10:52:32","date_gmt":"2020-01-21T08:52:32","guid":{"rendered":"http:\/\/sana.sy\/es\/?p=127837"},"modified":"2023-01-10T15:09:50","modified_gmt":"2023-01-10T13:09:50","slug":"lanzan-iniciativas-para-apoyar-la-moneda-nacional","status":"publish","type":"post","link":"https:\/\/archive.sana.sy\/es\/?p=127837","title":{"rendered":"Lanzan iniciativas para apoyar la moneda nacional"},"content":{"rendered":"<p style=\"text-align: justify;\"><span style=\"color: #800000;\">Sweida, SANA<\/span><\/p>\n<p style=\"text-align: justify;\">Con el fin de apoyar la econom\u00eda nacional y la libra siria, algunos comerciantes y propietarios de tiendas y f\u00e1bricas en todas las provincias lanzaron una iniciativa para apoyar la Libra siria al vender sus productos a cambio de una sola libra.<\/p>\n<p style=\"text-align: justify;\">El objetivo de la iniciativa es contribuir a enfrentar las dif\u00edciles condiciones de vida generadas por las medidas econ\u00f3micas unilaterales impuestas contra el pa\u00eds.<\/p>\n<p style=\"text-align: justify;\">En la provincia de Sweida, 95 km al sudeste de la capital Damasco, se incorporaron a la iniciativa restaurantes, cl\u00ednicas, taxistas y tiendas de reparaci\u00f3n de equipo electrodom\u00e9stico, en un mensaje que confirma la insistencia de los sirios a hacer frente a la guerra econ\u00f3mica que se les impone.<\/p>\n<p style=\"text-align: justify;\">El oftalm\u00f3logo Lwai Abu Shajda, afirma que se participaci\u00f3n en esta campa\u00f1a est\u00e1 encaminada a apoyar las familias pobres y contribuir con sus compatriotas al apoyo de la econom\u00eda nacional.<\/p>\n<p style=\"text-align: justify;\"><strong><span style=\"color: #0000ff;\">E.D\/ F.M<\/span><\/strong><\/p>\n<div id='gallery-1' class='gallery galleryid-127837 gallery-columns-1 gallery-size-full'><figure class='gallery-item'>\n\t\t\t<div class='gallery-icon landscape'>\n\t\t\t\t<a href='https:\/\/archive.sana.sy\/es\/wp-content\/uploads\/2020\/01\/6-98-1.jpg'><img loading=\"lazy\" decoding=\"async\" width=\"660\" height=\"439\" src=\"https:\/\/archive.sana.sy\/es\/wp-content\/uploads\/2020\/01\/6-98-1.jpg\" class=\"attachment-full size-full\" alt=\"\" srcset=\"https:\/\/archive.sana.sy\/es\/wp-content\/uploads\/2020\/01\/6-98-1.jpg 660w, https:\/\/archive.sana.sy\/es\/wp-content\/uploads\/2020\/01\/6-98-1-300x200.jpg 300w, https:\/\/archive.sana.sy\/es\/wp-content\/uploads\/2020\/01\/6-98-1-150x100.jpg 150w, https:\/\/archive.sana.sy\/es\/wp-content\/uploads\/2020\/01\/6-98-1-310x205.jpg 310w\" sizes=\"(max-width: 660px) 100vw, 660px\" \/><\/a>\n\t\t\t<\/div><\/figure><figure class='gallery-item'>\n\t\t\t<div class='gallery-icon landscape'>\n\t\t\t\t<a href='https:\/\/archive.sana.sy\/es\/wp-content\/uploads\/2020\/01\/7-87-1.jpg'><img loading=\"lazy\" decoding=\"async\" width=\"660\" height=\"402\" src=\"https:\/\/archive.sana.sy\/es\/wp-content\/uploads\/2020\/01\/7-87-1.jpg\" class=\"attachment-full size-full\" alt=\"\" srcset=\"https:\/\/archive.sana.sy\/es\/wp-content\/uploads\/2020\/01\/7-87-1.jpg 660w, https:\/\/archive.sana.sy\/es\/wp-content\/uploads\/2020\/01\/7-87-1-300x183.jpg 300w, https:\/\/archive.sana.sy\/es\/wp-content\/uploads\/2020\/01\/7-87-1-150x91.jpg 150w\" sizes=\"(max-width: 660px) 100vw, 660px\" \/><\/a>\n\t\t\t<\/div><\/figure><figure class='gallery-item'>\n\t\t\t<div class='gallery-icon landscape'>\n\t\t\t\t<a href='https:\/\/archive.sana.sy\/es\/wp-content\/uploads\/2020\/01\/5-119-300x200-2.jpg'><img loading=\"lazy\" decoding=\"async\" width=\"300\" height=\"200\" src=\"https:\/\/archive.sana.sy\/es\/wp-content\/uploads\/2020\/01\/5-119-300x200-2.jpg\" class=\"attachment-full size-full\" alt=\"\" srcset=\"https:\/\/archive.sana.sy\/es\/wp-content\/uploads\/2020\/01\/5-119-300x200-2.jpg 300w, https:\/\/archive.sana.sy\/es\/wp-content\/uploads\/2020\/01\/5-119-300x200-2-150x100.jpg 150w\" sizes=\"(max-width: 300px) 100vw, 300px\" \/><\/a>\n\t\t\t<\/div><\/figure>\n\t\t<\/div>\n\n","protected":false},"excerpt":{"rendered":"<p>Sweida, SANA Con el fin de apoyar la econom\u00eda nacional y la libra siria, algunos comerciantes y propietarios de tiendas y f\u00e1bricas en todas las provincias lanzaron una iniciativa para apoyar la Libra siria al vender sus productos a cambio de una sola libra. El objetivo de la iniciativa es contribuir a enfrentar las dif\u00edciles &hellip;<\/p>\n","protected":false},"author":32,"featured_media":127838,"comment_status":"closed","ping_status":"closed","sticky":false,"template":"","format":"standard","meta":{"footnotes":""},"categories":[597,485,7541],"tags":[17385],"class_list":["post-127837","post","type-post","status-publish","format-standard","has-post-thumbnail","","category-cinta-de-noticias","category-informes-negocios-y-finanzas","category-ultimas-noticias","tag-lanzan-iniciativas-para-apoyar-la-moneda-nacional"],"_links":{"self":[{"href":"https:\/\/archive.sana.sy\/es\/index.php?rest_route=\/wp\/v2\/posts\/127837"}],"collection":[{"href":"https:\/\/archive.sana.sy\/es\/index.php?rest_route=\/wp\/v2\/posts"}],"about":[{"href":"https:\/\/archive.sana.sy\/es\/index.php?rest_route=\/wp\/v2\/types\/post"}],"author":[{"embeddable":true,"href":"https:\/\/archive.sana.sy\/es\/index.php?rest_route=\/wp\/v2\/users\/32"}],"replies":[{"embeddable":true,"href":"https:\/\/archive.sana.sy\/es\/index.php?rest_route=%2Fwp%2Fv2%2Fcomments&post=127837"}],"version-history":[{"count":0,"href":"https:\/\/archive.sana.sy\/es\/index.php?rest_route=\/wp\/v2\/posts\/127837\/revisions"}],"wp:featuredmedia":[{"embeddable":true,"href":"https:\/\/archive.sana.sy\/es\/index.php?rest_route=\/wp\/v2\/media\/127838"}],"wp:attachment":[{"href":"https:\/\/archive.sana.sy\/es\/index.php?rest_route=%2Fwp%2Fv2%2Fmedia&parent=127837"}],"wp:term":[{"taxonomy":"category","embeddable":true,"href":"https:\/\/archive.sana.sy\/es\/index.php?rest_route=%2Fwp%2Fv2%2Fcategories&post=127837"},{"taxonomy":"post_tag","embeddable":true,"href":"https:\/\/archive.sana.sy\/es\/index.php?rest_route=%2Fwp%2Fv2%2Ftags&post=127837"}],"curies":[{"name":"wp","href":"https:\/\/api.w.org\/{rel}","templated":true}]}}