{"id":127955,"date":"2020-01-22T10:05:26","date_gmt":"2020-01-22T08:05:26","guid":{"rendered":"http:\/\/sana.sy\/es\/?p=127955"},"modified":"2023-01-10T15:34:47","modified_gmt":"2023-01-10T13:34:47","slug":"resumen-de-noticias-publicadas-por-sana-22-de-enero-del-2020","status":"publish","type":"post","link":"https:\/\/archive.sana.sy\/es\/?p=127955","title":{"rendered":"Resumen de noticias publicadas por SANA, 22 de enero del 2020"},"content":{"rendered":"<p style=\"text-align: justify;\"><span style=\"color: #800000;\">Damasco, SANA<\/span><\/p>\n<p style=\"text-align: justify;\">Les ofrecemos a continuaci\u00f3n un resumen de las noticias nacionales e internacionales relativas a Siria y difundidas por nuestra agencia en las \u00faltimas 24 horas:<\/p>\n<p style=\"text-align: justify;\"><strong>Recuperar el Gol\u00e1n ocupado por \u201cIsrael\u201d es una prioridad para Siria<\/strong><\/p>\n<p style=\"text-align: justify;\">El delegado sirio ante las Naciones Unidas, el embajador Bashar Jaafari, denunci\u00f3 durante una sesi\u00f3n celebrada del Consejo de Seguridad de la ONU sobre Palestina, que la organizaci\u00f3n internacional, bajo la presi\u00f3n de miembros permanentes del Consejo de Seguridad, no ha logrado aplicar sus resoluciones relacionadas con la finalizaci\u00f3n de la ocupaci\u00f3n israel\u00ed de los territorios \u00e1rabes.<\/p>\n<p style=\"text-align: justify;\">Destac\u00f3 que la incapacidad de las Naciones Unidas de encontrar una soluci\u00f3n justa e integral a la cuesti\u00f3n palestina anim\u00f3 a algunas partes a tratar de incumplir sus obligaciones legales y tergiversar los hechos y consagrar la ocupaci\u00f3n israel\u00ed<\/p>\n<p style=\"text-align: justify;\">\u201cLas declaraciones de Washington sobre Jerusal\u00e9n y el Gol\u00e1n sirio ocupados por Israel constituyen una actitud unilateral ejercida por una parte que carece de habilidad pol\u00edtica o legal para actuar con territorios que forman parte de la Rep\u00fablica \u00c1rabe Siria y Palestina ocupada\u201d, explic\u00f3.<\/p>\n<p style=\"text-align: justify;\">Reiter\u00f3 los llamados de Siria al Consejo de Seguridad para obligar al ocupante israel\u00ed a cesar sus pr\u00e1cticas en el Gol\u00e1n sirio ocupado, y dejar de saquear sus antig\u00fcedades y recursos, incluido el petr\u00f3leo, que busca extraerlo y saquearlo en cooperaci\u00f3n con compa\u00f1\u00edas estadounidenses, adem\u00e1s de confiscar la propiedad de las personas y sus tierras y establecer nuevos planes de ocupaci\u00f3n, incluida la instalaci\u00f3n de turbinas e\u00f3licas en sus tierras con el objetivo de desplazar y obligar a la poblaci\u00f3n del Gol\u00e1n a inscribir sus tierras que heredaron de sus padres y abuelos en los registros de las autoridades de ocupaci\u00f3n.<\/p>\n<p style=\"text-align: justify;\">Concluy\u00f3 su intervenci\u00f3n con ratificar que el Gol\u00e1n sirio ocupado es una parte integral de Siria y recuperarlo por todos los medios garantizados por el derecho internacional es una prioridad para la Rep\u00fablica \u00c1rabe Siria.<\/p>\n<p style=\"text-align: justify;\"><strong>Nueva embajadora de Sri Lanka en Siria entrega sus cartas credenciales al canciller al-Moallem<\/strong><\/p>\n<p style=\"text-align: justify;\">La nueva embajadora de la Rep\u00fablica Socialista Democr\u00e1tica de Sri Lanka, Depetika B. K. Y. Karunaratne, entreg\u00f3 hoy al canciller Walid al-Moallem, sus cartas credenciales como embajadora extraordinario y plenipotenciaria no residente de la Rep\u00fablica Socialista Democr\u00e1tica de Sri Lanka ante la Rep\u00fablica \u00c1rabe Siria.<\/p>\n<p style=\"text-align: justify;\">Al-Moallem se reuni\u00f3 con la nueva embajadora y repas\u00f3 con ellas el tema de las relaciones bilaterales y las formas de mejorar y desarrollar la cooperaci\u00f3n en diversos campos por el bien de los dos pueblos y pa\u00edses amigos.<\/p>\n<p style=\"text-align: justify;\"><strong>Ministerio de Electricidad comienza instalaci\u00f3n de l\u00ednea el\u00e9ctrica de m\u00e1s de 60 km en las zonas liberadas en Idleb<\/strong><\/p>\n<p style=\"text-align: justify;\">El ministro de Electricidad, Muhammad Zuhair Kharbutli, explic\u00f3 ante el Parlamento la actual y pr\u00f3xima estrategia de su entidad que incluye varios proyectos, entre ellos la finalizaci\u00f3n de la ampliaci\u00f3n de las centrales el\u00e9ctricas de Deir Ali y Tishreen cerca de Damasco y la central de Latakia.<\/p>\n<p style=\"text-align: justify;\">Seg\u00fan Kharbutli, el ministerio est\u00e1 comprometido con la implementaci\u00f3n de la estrategia de energ\u00eda renovable y llegar a generar 1500 megavatios hasta el a\u00f1o 2030.<\/p>\n<p style=\"text-align: justify;\">Subray\u00f3 que el Ministerio se empe\u00f1a para hacer llegar la electricidad a todas las localidades liberadas de la provincia de Alepo, y explic\u00f3 que se est\u00e1 trabajando actualmente para rehabilitar la l\u00ednea de 400 Kilovatios cuya longitud es de 153 km, adem\u00e1s de otra l\u00ednea de 20 a 25 km en \u00e1reas en la l\u00ednea del frente con los grupos terroristas.<\/p>\n<p style=\"text-align: justify;\">\u201cSe prepar\u00f3 un plan para restablecer la electricidad en los barrios orientales de la ciudad de Alepo\u201d, agreg\u00f3.<\/p>\n<p style=\"text-align: justify;\">El titular sirio destac\u00f3 que se pondr\u00e1 en marcha la construcci\u00f3n de l\u00ednea el\u00e9ctrica de m\u00e1s de 60 km de longitud en las zonas liberadas de Idleb, la cual ser\u00e1 alimentada desde la planta Srur en Hama, as\u00ed como enviar\u00e1 todos los transformadores el\u00e9ctricos y equipos necesarios para la rehabilitaci\u00f3n de la red el\u00e9ctrica en la provincia de Raqa.<\/p>\n<p style=\"text-align: justify;\"><strong>Lanzan iniciativas para apoyar la moneda nacional<\/strong><\/p>\n<p style=\"text-align: justify;\">Con el fin de apoyar la econom\u00eda nacional y la libra siria, algunos comerciantes y propietarios de tiendas y f\u00e1bricas en todas las provincias lanzaron una iniciativa para apoyar la Libra siria al vender sus productos a cambio de una sola libra.<\/p>\n<p style=\"text-align: justify;\">El objetivo de la iniciativa es contribuir a enfrentar las dif\u00edciles condiciones de vida generadas por las medidas econ\u00f3micas unilaterales impuestas contra el pa\u00eds.<\/p>\n<p style=\"text-align: justify;\">En la provincia de Sweida, 95 km al sudeste de la capital Damasco, se incorporaron a la iniciativa restaurantes, cl\u00ednicas, taxistas y tiendas de reparaci\u00f3n de equipo electrodom\u00e9stico, en un mensaje que confirma la insistencia de los sirios a hacer frente a la guerra econ\u00f3mica que se les impone.<\/p>\n<p style=\"text-align: justify;\">El oftalm\u00f3logo Lwai Abu Shajda, afirma que se participaci\u00f3n en esta campa\u00f1a est\u00e1 encaminada a apoyar las familias pobres y contribuir con sus compatriotas al apoyo de la econom\u00eda nacional.<\/p>\n<p style=\"text-align: justify;\"><strong>Iglesia Ortodoxa rusa abrir\u00e1 centro en Siria para proveer pr\u00f3tesis a ni\u00f1os mutilados en la guerra<\/strong><\/p>\n<p style=\"text-align: justify;\">El jefe del Departamento de Relaciones Exteriores Eclesi\u00e1sticas del Patriarcado de Mosc\u00fa, el metropolita Hilari\u00f3n, anunci\u00f3 que la Iglesia Ortodoxa rusa prev\u00e9 abrir un centro en Siria para ayudar a los ni\u00f1os mutilados en la guerra.<\/p>\n<p style=\"text-align: justify;\">En declaraciones a la prensa en Mosc\u00fa, el obispo Hilari\u00f3n revel\u00f3 que la oficina que representa la Iglesia en Damasco espera este a\u00f1o equipar un centro para poder atender directamente a m\u00e1s ni\u00f1os sirios mutilados y estar en contacto directo con ellos cuando se les coloca las pr\u00f3tesis y llevan la rehabilitaci\u00f3n f\u00edsica.<\/p>\n<p style=\"text-align: justify;\">\u201cLa Iglesia rusa seguir\u00e1 este a\u00f1o ofreciendo pr\u00f3tesis de extremidades a los ni\u00f1os sirios heridos, adem\u00e1s de enviar a aquellos que necesitan atenci\u00f3n especializada a Mosc\u00fa\u201d, concluy\u00f3.<\/p>\n<p style=\"text-align: justify;\"><strong>Los civiles no logran acceder a los tres corredores humanitarios en Idleb y Alepo<\/strong><\/p>\n<p style=\"text-align: justify;\">Los grupos terroristas de diferentes denominaciones impiden por noveno d\u00eda consecutivo la llegada de los civiles a los tres corredores humanitarios establecidos por las autoridades civiles y militares sirias en la provincia de Idleb y Alepo.<\/p>\n<p style=\"text-align: justify;\">Seg\u00fan reportes del corresponsal de SANA, no se registr\u00f3 la llegada de ning\u00fan civil a los mencionados corredores debido a las amenazas e intimidaciones lanzadas por terroristas contra cualquier civil que intente acceder a los mismos.<\/p>\n<p style=\"text-align: justify;\">Asimismo, los extremistas procedieron a cerrar las carreteras principales y secundarias que conducen a los tres corredores, donde las autoridades tomaron todas las medidas para recibir a los civiles que logran escapar y llevarlos a sus zonas de origen que fueron liberadas por el ej\u00e9rcito \u00e1rabe sirio.<\/p>\n<p style=\"text-align: justify;\">Durante los a\u00f1os de la guerra, el ej\u00e9rcito sirio procedi\u00f3 a abrir corredores para garantizar las salida de los civiles y evitar que sean usado como escudos humanos, como en Alepo en el 2016 y Ghouta Oriental en el 2018.<\/p>\n<p style=\"text-align: justify;\"><strong>Bombardeos terroristas matan dos mujeres y un ni\u00f1o en Alepo<\/strong><\/p>\n<p style=\"text-align: justify;\">Nuevos bombardeos con cohetes contra la ciudad de Alepo, 355 km al norte de Damasco, provocaron la muerte de dos mujeres y un ni\u00f1o.<\/p>\n<p style=\"text-align: justify;\">Otros tres civiles resultaron lesionados en los ataques que apuntaron contra los barrios de Halab Yadideh y al-Zahraa.<\/p>\n<p style=\"text-align: justify;\">Los terroristas al oeste y sur de Alepo atacan frecuentemente la Urbe cumpliendo \u00f3rdenes de sus amos en Turqu\u00eda<\/p>\n<p style=\"text-align: justify;\"><strong>El ocupante turco fuerza a sus mercenarios sirios a combatir en Libia<\/strong><\/p>\n<p style=\"text-align: justify;\">Las fuerzas de ocupaci\u00f3n turcas ejercen presiones sobre sus mercenarios terroristas en las provincias de Hasakeh y Raqa para obligarlos a unirse a los grupos terroristas que el r\u00e9gimen de Erdogan est\u00e1 enviando a Libia para involucrarlos en los combates en esta naci\u00f3n \u00e1rabe africana.<\/p>\n<p style=\"text-align: justify;\">Seg\u00fan fuentes locales, las fuerzas de ocupaci\u00f3n turcas est\u00e1n recortando deliberadamente los salarios de los mercenarios que no aceptan dirigirse a Libia, as\u00ed como recurren al reclutamiento forzado de los prisioneros en sus c\u00e1rceles dentro del territorio sirio.<\/p>\n<p style=\"text-align: justify;\">En la v\u00edspera, las fuerzas de ocupaci\u00f3n turcas trasladaron hoy a mil 500 familias de sus mercenarios para que sustituyan a la poblaci\u00f3n local en la ciudad de Ras al-Ain, en el norte de la provincia de Hasakeh.<\/p>\n<p style=\"text-align: justify;\"><strong>No hubo ataque qu\u00edmico en Duma, afirma Handersen\u00a0\u00a0<\/strong><\/p>\n<p style=\"text-align: justify;\">El experto de la Organizaci\u00f3n para la Prohibici\u00f3n de las Armas Qu\u00edmicas (OPAQ), Iyan Henderson, expres\u00f3 en un testimonio en video, sus preocupaciones respecto al informe final de la investigaci\u00f3n en el supuesto ataque qu\u00edmico en Duma cerca de Damasco en el 2018,\u00a0 y la forma de su redacci\u00f3n.<\/p>\n<p style=\"text-align: justify;\">Henderson, quien fue uno de los miembros del equipo de investigaci\u00f3n, dijo que &#8220;varios expertos quienes estuvieron en el lugar de los hechos fueron excluidos de participar en redactar las conclusiones y los an\u00e1lisis&#8221;.<\/p>\n<p style=\"text-align: justify;\">&#8220;Las conclusiones en el informe final fueron contradictorias y se desviaron del entendimiento colectivo del equipo durante y despu\u00e9s de la investigaci\u00f3n en Duma, y el equipo ten\u00eda serias dudas de que no hubo un ataque qu\u00edmico&#8221;, dijo.<\/p>\n<p style=\"text-align: justify;\">Henderson indic\u00f3 que el informe no se ofreci\u00f3 nuevos hechos relacionados con los testimonios de testigos, los an\u00e1lisis qu\u00edmicos o de ingenier\u00eda de bal\u00edstica.<\/p>\n<p style=\"text-align: justify;\">Reiter\u00f3 que hab\u00eda estudiado durante seis meses el movimiento de proyectiles con respecto a los supuestos cilindros encontrados en el lugar del supuesto ataque y lleg\u00f3 a un resultado que respalda su punto de vista de que no hubo ataque qu\u00edmico.<\/p>\n<p style=\"text-align: justify;\"><strong>Enviado de la ONU a Libia: ha llegado el momento de que Erdogan rinda cuentas<\/strong><\/p>\n<p style=\"text-align: justify;\">El enviado del secretario general de las Naciones Unidas (ONU) a Libia,\u00a0 Ghassan Salama, afirm\u00f3 que el presidente del r\u00e9gimen turco Recep Tayyip Erdogan ya debe rendir cuentas por el env\u00edo de terroristas y mercenarios a Libia.<\/p>\n<p style=\"text-align: justify;\">\u00a0\u201cErdogan se ha comprometido en el quinto art\u00edculo del documento de la conferencia de Berl\u00edn a no enviar tropas o mercenarios a Libia y no interferir en este pa\u00eds y, por lo tanto, puede ser condenado.\u201d dijo Salama en una entrevista con la cadena libia 218.<\/p>\n<p style=\"text-align: justify;\">El mismo afirm\u00f3 que los grupos terroristas y mercenarios que fueron enviados por el r\u00e9gimen turco desde el norte de Siria han llegado a Libia hace unos d\u00edas y se estiman entre mil a dos mil.<\/p>\n<p style=\"text-align: justify;\">&#8220;Los libios no est\u00e1n dispuestos para aceptar fuerzas extranjeras, y el Consejo de Seguridad no est\u00e1 dispuestos para enviar tropas&#8221;, dijo Salama.<\/p>\n<p style=\"text-align: justify;\"><strong>Ir\u00e1n y Venezuela abordan las v\u00edas de consolidar la cooperaci\u00f3n binacional<\/strong><\/p>\n<p style=\"text-align: justify;\">El presidente de la Rep\u00fablica Isl\u00e1mica de Ir\u00e1n, Hassan Rohani, recibi\u00f3 al canciller venezolano, Jorge Arreaza.<\/p>\n<p style=\"text-align: justify;\">Durante la reuni\u00f3n, el mandatario iran\u00ed afirm\u00f3 que los pueblos independientes mantienen su resistencia ante las presiones estadounidenses y lograr\u00e1n sin duda la victoria definitiva.<\/p>\n<p style=\"text-align: justify;\">Denunci\u00f3 que \u201cla administraci\u00f3n norteamericana se ha convertido en un instrumento que implementa las pol\u00edticas del ente sionista en el mundo\u201d.<\/p>\n<p style=\"text-align: justify;\">Rohani calific\u00f3 las relaciones de Ir\u00e1n con el pa\u00eds bolivariano de \u201cpositivas y amistosas\u201d, llamando a consolidar estos v\u00ednculos binacionales en todos los \u00e1mbitos.<\/p>\n<p style=\"text-align: justify;\"><strong>Al-Soma y Gazal son los mejores atletas de Siria, seg\u00fan encuesta<\/strong><\/p>\n<p style=\"text-align: justify;\">El Comit\u00e9 de Periodistas Deportivos anunci\u00f3 los resultados de la encuesta anual para elegir al mejor atleta y futbolista en Siria\u00a0 en el a\u00f1o 2019.<\/p>\n<p style=\"text-align: justify;\">M\u00e1s de 50 periodistas de todos los medios de prensa e instituciones medi\u00e1ticas participaron en la encuesta.<\/p>\n<p style=\"text-align: justify;\">El\u00a0 atleta en salto de altura Majd al-Din Ghazal, gan\u00f3 el t\u00edtulo de mejor atleta sirio con 103 puntos, mientras el nadador Firas Mualla, obtuvo el segundo lugar con 71 puntos, y luego viene el jinete en salto ecuestre, Ahmad Hamsho con 37 puntos.<\/p>\n<p style=\"text-align: justify;\">El futbolista\u00a0 Omar Al-Soma gan\u00f3 el t\u00edtulo de mejor futbolista en Siria con 104 puntos.<\/p>\n<p style=\"text-align: justify;\"><strong>La antigua ciudad de Qanawat en Sweida se viste de blanco<\/strong><\/p>\n<p style=\"text-align: justify;\">La nieva cubre la antigua ciudad de Qanawat que se encuentra a 1,250 metros de altura y a unos 7 kil\u00f3metros al este de la ciudad de Sweida, cabecera de la provincia con mismo nombre.<\/p>\n<p style=\"text-align: justify;\">Qanawat fue clasificada como uno de los 10 sitios antiguos m\u00e1s importantes del mundo, su construcci\u00f3n se remota a la \u00e9poca romana del primer siglo A.C.<\/p>\n<p style=\"text-align: justify;\">Entre sus m\u00e1s importantes ruinas es el anfiteatro romano, los templos, las calles, las columnas y las plazas.<\/p>\n<p style=\"text-align: justify;\">En el siglo VII d.C, se convirti\u00f3 Qanawat en un centro religioso del obispado al que los cristianos sol\u00edan peregrinar.<\/p>\n<p style=\"text-align: justify;\"><span style=\"color: #0000ff;\"><strong>F.M\/ E.D<\/strong><\/span><\/p>\n<p style=\"text-align: justify;\">\n","protected":false},"excerpt":{"rendered":"<p>Damasco, SANA Les ofrecemos a continuaci\u00f3n un resumen de las noticias nacionales e internacionales relativas a Siria y difundidas por nuestra agencia en las \u00faltimas 24 horas: Recuperar el Gol\u00e1n ocupado por \u201cIsrael\u201d es una prioridad para Siria El delegado sirio ante las Naciones Unidas, el embajador Bashar Jaafari, denunci\u00f3 durante una sesi\u00f3n celebrada del &hellip;<\/p>\n","protected":false},"author":32,"featured_media":127956,"comment_status":"closed","ping_status":"closed","sticky":false,"template":"","format":"standard","meta":{"footnotes":""},"categories":[447,555,597],"tags":[17390],"class_list":["post-127955","post","type-post","status-publish","format-standard","has-post-thumbnail","","category-local-politica","category-prensa","category-cinta-de-noticias","tag-resumen-de-noticias-publicadas-por-sana-22-de-enero-del-2020"],"_links":{"self":[{"href":"https:\/\/archive.sana.sy\/es\/index.php?rest_route=\/wp\/v2\/posts\/127955"}],"collection":[{"href":"https:\/\/archive.sana.sy\/es\/index.php?rest_route=\/wp\/v2\/posts"}],"about":[{"href":"https:\/\/archive.sana.sy\/es\/index.php?rest_route=\/wp\/v2\/types\/post"}],"author":[{"embeddable":true,"href":"https:\/\/archive.sana.sy\/es\/index.php?rest_route=\/wp\/v2\/users\/32"}],"replies":[{"embeddable":true,"href":"https:\/\/archive.sana.sy\/es\/index.php?rest_route=%2Fwp%2Fv2%2Fcomments&post=127955"}],"version-history":[{"count":0,"href":"https:\/\/archive.sana.sy\/es\/index.php?rest_route=\/wp\/v2\/posts\/127955\/revisions"}],"wp:featuredmedia":[{"embeddable":true,"href":"https:\/\/archive.sana.sy\/es\/index.php?rest_route=\/wp\/v2\/media\/127956"}],"wp:attachment":[{"href":"https:\/\/archive.sana.sy\/es\/index.php?rest_route=%2Fwp%2Fv2%2Fmedia&parent=127955"}],"wp:term":[{"taxonomy":"category","embeddable":true,"href":"https:\/\/archive.sana.sy\/es\/index.php?rest_route=%2Fwp%2Fv2%2Fcategories&post=127955"},{"taxonomy":"post_tag","embeddable":true,"href":"https:\/\/archive.sana.sy\/es\/index.php?rest_route=%2Fwp%2Fv2%2Ftags&post=127955"}],"curies":[{"name":"wp","href":"https:\/\/api.w.org\/{rel}","templated":true}]}}