{"id":127989,"date":"2020-01-22T18:30:09","date_gmt":"2020-01-22T16:30:09","guid":{"rendered":"http:\/\/sana.sy\/es\/?p=127989"},"modified":"2023-01-10T15:23:52","modified_gmt":"2023-01-10T13:23:52","slug":"homs-produce-alrededor-de-75-mil-toneladas-de-aceitunas-para-esta-temporada","status":"publish","type":"post","link":"https:\/\/archive.sana.sy\/es\/?p=127989","title":{"rendered":"Provincia siria de Homs produce 75 mil toneladas de aceitunas"},"content":{"rendered":"<p style=\"text-align: justify;\"><span style=\"color: #800000;\">Homs, SANA<\/span><\/p>\n<p style=\"text-align: justify;\">La producci\u00f3n de aceitunas de la provincia de Homs en el centro del pa\u00eds, para la temporada 2019, aument\u00f3 en aproximadamente 14 mil toneladas con respecto al 2018, ya que las cantidades de aceitunas cultivadas ascendieron a aproximadamente 75 mil toneladas.<\/p>\n<p style=\"text-align: justify;\">Nazih Al-Rifai, director de agricultura en Homs, explic\u00f3 que las \u00e1reas cultivadas con olivo ascienden a 963 km cuadrados y el n\u00famero de \u00e1rboles supera los 15 millones, de los cuales hay m\u00e1s de 10 millones fruct\u00edferos.<\/p>\n<p style=\"text-align: justify;\">Los agricultores atribuyen este aumento en la producci\u00f3n a las condiciones clim\u00e1ticas apropiadas y la ausencia de enfermedades y plagas, especialmente el gusano del olivo que se extendi\u00f3 ampliamente durante la temporada 2018.<\/p>\n<p style=\"text-align: justify;\">Los propietarios de las almazaras aseguran que la producci\u00f3n de esta temporada fue mucho mejor que el a\u00f1o anterior en t\u00e9rminos de la cantidad de aceituna entregada a sus instalaciones.<\/p>\n<p style=\"text-align: justify;\">Sobre las demandas de los agricultores de encontrar mercados para vender el exceso de acierte producido, Muwaffaq Zakaria, jefe de la Oficina de Comercializaci\u00f3n en la Uni\u00f3n General de Campesinos en Homs, se\u00f1al\u00f3 que se envi\u00f3 un nota para exportar la cantidad excedente del consumo local en la gobernaci\u00f3n.<\/p>\n<p style=\"text-align: justify;\">M.M\/ F.M<\/p>\n","protected":false},"excerpt":{"rendered":"<p>Homs, SANA La producci\u00f3n de aceitunas de la provincia de Homs en el centro del pa\u00eds, para la temporada 2019, aument\u00f3 en aproximadamente 14 mil toneladas con respecto al 2018, ya que las cantidades de aceitunas cultivadas ascendieron a aproximadamente 75 mil toneladas. Nazih Al-Rifai, director de agricultura en Homs, explic\u00f3 que las \u00e1reas cultivadas &hellip;<\/p>\n","protected":false},"author":36,"featured_media":127990,"comment_status":"closed","ping_status":"closed","sticky":false,"template":"","format":"standard","meta":{"footnotes":""},"categories":[597,16686,485,7541],"tags":[7161,1519],"class_list":["post-127989","post","type-post","status-publish","format-standard","has-post-thumbnail","","category-cinta-de-noticias","category-economia","category-informes-negocios-y-finanzas","category-ultimas-noticias","tag-damasco","tag-homs"],"_links":{"self":[{"href":"https:\/\/archive.sana.sy\/es\/index.php?rest_route=\/wp\/v2\/posts\/127989"}],"collection":[{"href":"https:\/\/archive.sana.sy\/es\/index.php?rest_route=\/wp\/v2\/posts"}],"about":[{"href":"https:\/\/archive.sana.sy\/es\/index.php?rest_route=\/wp\/v2\/types\/post"}],"author":[{"embeddable":true,"href":"https:\/\/archive.sana.sy\/es\/index.php?rest_route=\/wp\/v2\/users\/36"}],"replies":[{"embeddable":true,"href":"https:\/\/archive.sana.sy\/es\/index.php?rest_route=%2Fwp%2Fv2%2Fcomments&post=127989"}],"version-history":[{"count":0,"href":"https:\/\/archive.sana.sy\/es\/index.php?rest_route=\/wp\/v2\/posts\/127989\/revisions"}],"wp:featuredmedia":[{"embeddable":true,"href":"https:\/\/archive.sana.sy\/es\/index.php?rest_route=\/wp\/v2\/media\/127990"}],"wp:attachment":[{"href":"https:\/\/archive.sana.sy\/es\/index.php?rest_route=%2Fwp%2Fv2%2Fmedia&parent=127989"}],"wp:term":[{"taxonomy":"category","embeddable":true,"href":"https:\/\/archive.sana.sy\/es\/index.php?rest_route=%2Fwp%2Fv2%2Fcategories&post=127989"},{"taxonomy":"post_tag","embeddable":true,"href":"https:\/\/archive.sana.sy\/es\/index.php?rest_route=%2Fwp%2Fv2%2Ftags&post=127989"}],"curies":[{"name":"wp","href":"https:\/\/api.w.org\/{rel}","templated":true}]}}