{"id":127995,"date":"2020-01-22T18:50:33","date_gmt":"2020-01-22T16:50:33","guid":{"rendered":"http:\/\/sana.sy\/es\/?p=127995"},"modified":"2023-01-12T14:44:52","modified_gmt":"2023-01-12T12:44:52","slug":"el-ejercito-libio-derriba-un-avion-no-tripulado-turco","status":"publish","type":"post","link":"https:\/\/archive.sana.sy\/es\/?p=127995","title":{"rendered":"El Ej\u00e9rcito libio derriba un avi\u00f3n no tripulado turco"},"content":{"rendered":"<p><span style=\"color: #800000;\">Tr\u00edpoli, SANA<\/span><\/p>\n<p style=\"text-align: justify;\">El ej\u00e9rcito libio anunci\u00f3 hoy que un avi\u00f3n turco no tripulado fue derribado sobre la capital, Tr\u00edpoli.<\/p>\n<p style=\"text-align: justify;\">El portavoz del ej\u00e9rcito libio, mayor general Ahmed Al-Mesmari, dijo que la Fuerza A\u00e9rea del Comando General de las Fuerzas Armadas de Libia derrib\u00f3 un dron turco despu\u00e9s de despegar de la base a\u00e9rea de Mitiga.<\/p>\n<p style=\"text-align: justify;\">Se\u00f1al\u00f3 que el dron derribado trataba de atacar\u00a0 una posici\u00f3n del ej\u00e9rcito libio en Tr\u00edpoli.<\/p>\n<p style=\"text-align: justify;\">Anteriormente, el ej\u00e9rcito libio ha derribado muchos drones turcos durante las \u00faltimas semanas.<\/p>\n<p>M.M<\/p>\n","protected":false},"excerpt":{"rendered":"<p>Tr\u00edpoli, SANA El ej\u00e9rcito libio anunci\u00f3 hoy que un avi\u00f3n turco no tripulado fue derribado sobre la capital, Tr\u00edpoli. El portavoz del ej\u00e9rcito libio, mayor general Ahmed Al-Mesmari, dijo que la Fuerza A\u00e9rea del Comando General de las Fuerzas Armadas de Libia derrib\u00f3 un dron turco despu\u00e9s de despegar de la base a\u00e9rea de Mitiga. &hellip;<\/p>\n","protected":false},"author":36,"featured_media":127996,"comment_status":"closed","ping_status":"closed","sticky":false,"template":"","format":"standard","meta":{"footnotes":""},"categories":[597,456,457],"tags":[17395],"class_list":["post-127995","post","type-post","status-publish","format-standard","has-post-thumbnail","","category-cinta-de-noticias","category-arabe-internacional-politica","category-noticias-arabe-internacional-politica","tag-el-ejercito-libio"],"_links":{"self":[{"href":"https:\/\/archive.sana.sy\/es\/index.php?rest_route=\/wp\/v2\/posts\/127995"}],"collection":[{"href":"https:\/\/archive.sana.sy\/es\/index.php?rest_route=\/wp\/v2\/posts"}],"about":[{"href":"https:\/\/archive.sana.sy\/es\/index.php?rest_route=\/wp\/v2\/types\/post"}],"author":[{"embeddable":true,"href":"https:\/\/archive.sana.sy\/es\/index.php?rest_route=\/wp\/v2\/users\/36"}],"replies":[{"embeddable":true,"href":"https:\/\/archive.sana.sy\/es\/index.php?rest_route=%2Fwp%2Fv2%2Fcomments&post=127995"}],"version-history":[{"count":0,"href":"https:\/\/archive.sana.sy\/es\/index.php?rest_route=\/wp\/v2\/posts\/127995\/revisions"}],"wp:featuredmedia":[{"embeddable":true,"href":"https:\/\/archive.sana.sy\/es\/index.php?rest_route=\/wp\/v2\/media\/127996"}],"wp:attachment":[{"href":"https:\/\/archive.sana.sy\/es\/index.php?rest_route=%2Fwp%2Fv2%2Fmedia&parent=127995"}],"wp:term":[{"taxonomy":"category","embeddable":true,"href":"https:\/\/archive.sana.sy\/es\/index.php?rest_route=%2Fwp%2Fv2%2Fcategories&post=127995"},{"taxonomy":"post_tag","embeddable":true,"href":"https:\/\/archive.sana.sy\/es\/index.php?rest_route=%2Fwp%2Fv2%2Ftags&post=127995"}],"curies":[{"name":"wp","href":"https:\/\/api.w.org\/{rel}","templated":true}]}}