{"id":128027,"date":"2020-01-22T19:10:38","date_gmt":"2020-01-22T17:10:38","guid":{"rendered":"http:\/\/sana.sy\/es\/?p=128027"},"modified":"2020-01-23T11:35:15","modified_gmt":"2020-01-23T09:35:15","slug":"ejercito-responde-a-ataques-terroristas-en-el-sur-de-idleb","status":"publish","type":"post","link":"https:\/\/archive.sana.sy\/es\/?p=128027","title":{"rendered":"Ej\u00e9rcito responde a ataques terroristas en el sur de Idleb"},"content":{"rendered":"<p><span style=\"color: #800000;\">Idleb, SANA <\/span><\/p>\n<p style=\"text-align: justify;\">Los unifermados del Ej\u00e9rcito sirio que operan en la provincia de Idleb, ubicada a 330 km al norte de Damasco, respondieron a los ataques perpetuados por las organizaciones terroristas que tuvieron como blanco las zonas seguras.<\/p>\n<p style=\"text-align: justify;\">El corresponsal de SANA inform\u00f3 que el Ej\u00e9rcito asest\u00f3 duros golpes a las fortificaciones de terroristas afiliados al Frente al-Nusra en los extremos de la ciudad de Maarat al-Numan, as\u00ed como las localidades y aldeas de Bzabour, al-Ghadfa, Marshourin, Deir Sharqui, Maradabsa, Benin y Masaran en la zona rural de Idleb.<\/p>\n<p>La fuente agreg\u00f3 que los ataques provocaron muertes y heridos en las filas de terroristas, adem\u00e1s de destruir varias plataformas de lanzacohetes.<\/p>\n<p style=\"text-align: justify;\"><span style=\"color: #0000ff;\">RR\/ MM<\/span><\/p>\n","protected":false},"excerpt":{"rendered":"<p>Idleb, SANA Los unifermados del Ej\u00e9rcito sirio que operan en la provincia de Idleb, ubicada a 330 km al norte de Damasco, respondieron a los ataques perpetuados por las organizaciones terroristas que tuvieron como blanco las zonas seguras. El corresponsal de SANA inform\u00f3 que el Ej\u00e9rcito asest\u00f3 duros golpes a las fortificaciones de terroristas afiliados &hellip;<\/p>\n","protected":false},"author":31,"featured_media":128028,"comment_status":"closed","ping_status":"closed","sticky":false,"template":"","format":"standard","meta":{"footnotes":""},"categories":[597,573],"tags":[2546,6553],"class_list":["post-128027","post","type-post","status-publish","format-standard","has-post-thumbnail","","category-cinta-de-noticias","category-la-realidad-de-los-acontecimientos-en-siria","tag-idleb","tag-siria"],"_links":{"self":[{"href":"https:\/\/archive.sana.sy\/es\/index.php?rest_route=\/wp\/v2\/posts\/128027"}],"collection":[{"href":"https:\/\/archive.sana.sy\/es\/index.php?rest_route=\/wp\/v2\/posts"}],"about":[{"href":"https:\/\/archive.sana.sy\/es\/index.php?rest_route=\/wp\/v2\/types\/post"}],"author":[{"embeddable":true,"href":"https:\/\/archive.sana.sy\/es\/index.php?rest_route=\/wp\/v2\/users\/31"}],"replies":[{"embeddable":true,"href":"https:\/\/archive.sana.sy\/es\/index.php?rest_route=%2Fwp%2Fv2%2Fcomments&post=128027"}],"version-history":[{"count":0,"href":"https:\/\/archive.sana.sy\/es\/index.php?rest_route=\/wp\/v2\/posts\/128027\/revisions"}],"wp:featuredmedia":[{"embeddable":true,"href":"https:\/\/archive.sana.sy\/es\/index.php?rest_route=\/wp\/v2\/media\/128028"}],"wp:attachment":[{"href":"https:\/\/archive.sana.sy\/es\/index.php?rest_route=%2Fwp%2Fv2%2Fmedia&parent=128027"}],"wp:term":[{"taxonomy":"category","embeddable":true,"href":"https:\/\/archive.sana.sy\/es\/index.php?rest_route=%2Fwp%2Fv2%2Fcategories&post=128027"},{"taxonomy":"post_tag","embeddable":true,"href":"https:\/\/archive.sana.sy\/es\/index.php?rest_route=%2Fwp%2Fv2%2Ftags&post=128027"}],"curies":[{"name":"wp","href":"https:\/\/api.w.org\/{rel}","templated":true}]}}