{"id":128041,"date":"2020-01-23T09:19:29","date_gmt":"2020-01-23T07:19:29","guid":{"rendered":"http:\/\/sana.sy\/es\/?p=128041"},"modified":"2023-01-10T15:34:47","modified_gmt":"2023-01-10T13:34:47","slug":"resumen-de-noticias-publicadas-por-sana-23-de-enero-del-2020","status":"publish","type":"post","link":"https:\/\/archive.sana.sy\/es\/?p=128041","title":{"rendered":"Resumen de noticias publicadas por SANA, 23 de enero del 2020"},"content":{"rendered":"<p style=\"text-align: justify;\"><strong><span style=\"color: #800000;\">Damasco, SANA<\/span><\/strong><\/p>\n<p style=\"text-align: justify;\">Les ofrecemos a continuaci\u00f3n un resumen de las noticias nacionales e internacionales relativas a Siria y difundidas por nuestra agencia en las \u00faltimas 24 horas:<\/p>\n<p style=\"text-align: justify;\"><strong>Siria e Ir\u00e1n debaten v\u00edas de blindar la cooperaci\u00f3n en materia educativa y cient\u00edfica<\/strong><\/p>\n<p style=\"text-align: justify;\">El primer ministro, Imad Khamis, recibi\u00f3 al ministro de Educaci\u00f3n y Ense\u00f1anza Superior de Ir\u00e1n, Mohsen Haji Mirzaei, con quien abord\u00f3 las v\u00edas de blindar la cooperaci\u00f3n bilateral en los campos de desarrollo econ\u00f3mico y social, la educaci\u00f3n, la formaci\u00f3n de recursos humanos y la inversi\u00f3n id\u00f3nea en los mismos.<\/p>\n<p style=\"text-align: justify;\">El jefe del gabinete sirio manifest\u00f3 que el Estado sirio presta mucha atenci\u00f3n a la rehabilitaci\u00f3n de las escuelas en las zonas liberadas del terrorismo, desarrollar el sistema de investigaci\u00f3n cient\u00edfica, garantizar todos los requisitos de la educaci\u00f3n a fin de hacer frente a las consecuencias nefastas de la guerra terrorista que azot\u00f3 a Siria.<\/p>\n<p style=\"text-align: justify;\">Tambi\u00e9n, resalt\u00f3 la necesidad de fortalecer los lazos de cooperaci\u00f3n con los pa\u00edses amigos en materia del intercambio de experiencias y conocimientos, y la organizaci\u00f3n de actividades conjuntas en t\u00e9rminos de afianzar la cultura de la lucha antiterrorista en las futuras generaciones.<\/p>\n<p style=\"text-align: justify;\">Por su parte, el titular de Educaci\u00f3n iran\u00ed alab\u00f3 la resistencia de los establecimientos educativos de Siria a los ataques terroristas, as\u00ed como su insistencia a luchar contra el terrorismo a trav\u00e9s de difundir las ciencias y los conocimientos entre las nuevas generaciones.<\/p>\n<p style=\"text-align: justify;\">Mirzaei reiter\u00f3 el apoyo de su pa\u00eds a los planes de fomento de Siria en todas las \u00e1reas, especialmente en el campo de desarrollar y modernizar los planes de estudio y amplias las perspectivas de la investigaci\u00f3n cient\u00edfica.<\/p>\n<p style=\"text-align: justify;\"><strong>Intenso bombardeo del ej\u00e9rcito contra sedes terroristas en Alepo<\/strong><\/p>\n<p style=\"text-align: justify;\">En respuesta a los continuos ataques terroristas con la ciudad de Alepo, unidades del ej\u00e9rcito \u00e1rabe sirio bombardearon con artiller\u00eda a escondites y lanzacohetes de los radicales en varias localidades al noroeste y oeste de esa urbe, ubicada a 355 km al norte de la capital Damasco.<\/p>\n<p style=\"text-align: justify;\">Seg\u00fan report\u00f3 el corresponsal de SANA, lanzacohetes y morteros de los terroristas fueron destruidos en intenso bombardeo con artiller\u00eda contra sedes y fortificaci\u00f3n de los extremistas en las localidades de Kafer Hamra, Anadan y Hereitan, al noroeste de Alepo.<\/p>\n<p style=\"text-align: justify;\">La zona de al-Rashideen fue blanco de un semejante bombardeos del ej\u00e9rcito en el que plataformas de lanzamiento de misiles y puntos fortificados de los terroristas fueron destruidos.<\/p>\n<p style=\"text-align: justify;\">En la v\u00edspera, los terroristas atacaron con cohetes y morteros a los vecindarios de Alepo y mataron a un ni\u00f1o y dos mujeres.<\/p>\n<p style=\"text-align: justify;\"><strong>Varios heridos en nuevos bombardeos terroristas contra ciudad de Alepo<\/strong><\/p>\n<p style=\"text-align: justify;\">Las agrupaciones terroristas perpetraron nuevos bombardeos contra la ciudad de Alepo, 355 al norte de la capital Damasco.<\/p>\n<p style=\"text-align: justify;\">Seg\u00fan reportes del corresponsal de SANA, los bombardeos con cohetes tuvieron como blanco al barrio Al-Zahraa y dejaron varios civiles heridos.<\/p>\n<p style=\"text-align: justify;\">Agreg\u00f3 que las casas y propiedades de los civiles sufrieron severos da\u00f1os a consecuencia de los ataques.<\/p>\n<p style=\"text-align: justify;\">En la v\u00edspera, dos mujeres y un ni\u00f1o perdieron la vida en bombardeos de radicales contra los barrios de Halab Yadideh y al-Zahraa.<\/p>\n<p style=\"text-align: justify;\">Los terroristas al oeste y sur de Alepo atacan frecuentemente la Urbe cumpliendo \u00f3rdenes de sus amos en Turqu\u00eda.<\/p>\n<p style=\"text-align: justify;\"><strong>Ej\u00e9rcito sirio responde a ataques terroristas en el sur de Idleb<\/strong><\/p>\n<p style=\"text-align: justify;\">Los uniformados del Ej\u00e9rcito sirio que operan en la provincia de Idleb, ubicada a 330 km al norte de Damasco, respondieron a los ataques perpetuados por las organizaciones terroristas que tuvieron como blanco a las zonas seguras.<\/p>\n<p style=\"text-align: justify;\">Seg\u00fan inform\u00f3 el corresponsal de SANA, el Ej\u00e9rcito asest\u00f3 duros golpes a las fortificaciones de los terroristas afiliados al Frente al-Nousra en los extremos de la ciudad de Maaret al-Nouman, as\u00ed como las localidades y aldeas de Bzabour, al-Ghadfa, Marshourin, Deir Sharqui, Maradabsa, Benin y Masaran en la zona rural de Idleb.<\/p>\n<p style=\"text-align: justify;\">Los ataques provocaron muertes y heridos en las filas de terroristas, adem\u00e1s de destruir varias plataformas de lanzacohetes.<\/p>\n<p style=\"text-align: justify;\"><strong>Los terroristas se preparan para lanzar ataques con coches bomba en Idleb<\/strong><\/p>\n<p style=\"text-align: justify;\">El Ministerio de Defensa ruso afirm\u00f3 que dispone de informaciones de que las organizaciones terroristas desplegadas en la provincia de Idleb se est\u00e1n preparando para lanzar ataques con coches bomba.<\/p>\n<p style=\"text-align: justify;\">&#8220;Los grupos terroristas transportaron cuatro coches bomba a la provincia de Idleb lo cual indica que se est\u00e1n preparando para llevar a cabo ataques suicida&#8221;, dijo el jefe del Centro de Coordinaci\u00f3n de Rusia en la base de Hemeimem, el mayor general Yuri Bornkov.<\/p>\n<p style=\"text-align: justify;\">Agreg\u00f3 que fuentes locales y residentes en Idleb confirmaron el traslado de cuatro coches bomba a la ciudad de Maaret al-Nouman, en el este de esta provincia.<\/p>\n<p style=\"text-align: justify;\">Las unidades del ej\u00e9rcito \u00e1rabe sirio rechazaron el lunes \u00faltimo una feroz ofensiva de los terroristas del &#8220;Frente al-Nousra&#8221; y grupos afines contra los puntos del ej\u00e9rcito en sureste de Idleb.<\/p>\n<p style=\"text-align: justify;\"><strong>Los terroristas siguen impidiendo acceso de civiles a corredores humanitarios en Idleb y Alepo<\/strong><\/p>\n<p style=\"text-align: justify;\">Ning\u00fan civil logr\u00f3 en las \u00faltimas 24 horas acceder a los tres corredores humanitarios establecidos por las autoridades en la provincia de Idleb y Alepo.<\/p>\n<p style=\"text-align: justify;\">Seg\u00fan reportes de los corresponsales de SANA, los grupos terroristas impidieron por d\u00e9cimo d\u00eda consecutivo la salida de los civiles de sus zonas con el fin de seguir us\u00e1ndolos como escudos humanos.<\/p>\n<p style=\"text-align: justify;\">\u201cLos radicales proceden a lanzar amenazas contra cualquier civil que intente aproximarse a las zonas bajo control gubernamental, as\u00ed como difunden mentiras para intimidar a los ciudadanos\u201d, afirmaron los reporteros.<\/p>\n<p style=\"text-align: justify;\">Los extremistas procedieron, adem\u00e1s, a cerrar las carreteras principales y secundarias que conducen a los tres corredores.<\/p>\n<p style=\"text-align: justify;\">Durante los a\u00f1os de la guerra terrorista, el ej\u00e9rcito sirio procedi\u00f3 a abrir corredores para garantizar las salida de los civiles y evitar que sean usado como escudos humanos, como en Alepo en el 2016 y Ghouta Oriental en el 2018.<\/p>\n<p style=\"text-align: justify;\"><strong>La MLRAS distribuye m\u00e1s de 6 mil canastas de alimentos en nuevas localidades de Deraa<\/strong><\/p>\n<p style=\"text-align: justify;\">Los equipos de la Media Luna Roja \u00c1rabe Siria (MLRAS) en la provincia de Deraa, 101 km al sur de Damasco, entregaron este mi\u00e9rcoles seis mil 100 canastas alimentarias y un n\u00famero igual de bolsas de harina de trigo a los pobladores de las localidades de Tasil y Adwan en el oeste de esta provincia sure\u00f1a.<\/p>\n<p style=\"text-align: justify;\">El jefe de la MLRAS en Deraa, Ahmed al-Masalmeh, precis\u00f3 que nueve camiones cargaron cinco mil 100 canastas de alimentos a la localidad de Tasil y otras mil canastas a la ciudad de Adwan.<\/p>\n<p style=\"text-align: justify;\">Aclar\u00f3 que una bolsa de harina fue distribuida con cada canasta.<\/p>\n<p style=\"text-align: justify;\">Al-Masalmeh indic\u00f3 que los voluntarios de la MLRAS entregar\u00e1n en las pr\u00f3ximas horas un nuevo lote de ayuda humanitaria a cinco pueblos en el noroeste de Deraa.<\/p>\n<p style=\"text-align: justify;\">Los equipos de la MLRAS repartieron desde principios del a\u00f1o en curso, unas 19 mil 150 canastas de alimentos a varias localidades de la gobernaci\u00f3n de Deraa.<\/p>\n<p style=\"text-align: justify;\"><strong>Las tasas de desnutrici\u00f3n entre ni\u00f1os y mujeres en Siria est\u00e1n dentro de las normas mundiales<\/strong><\/p>\n<p style=\"text-align: justify;\">El ministerio de Salud dio a conocer hoy en un evento organizado en esta capital, los resultados de un estudio sobre el estado nutricional de los ni\u00f1os y las mujeres en edad reproductiva, el cual fue llevado a cabo el a\u00f1o pasado en cooperaci\u00f3n con el Fondo de las Naciones Unidas para la Infancia (UNICEF).<\/p>\n<p style=\"text-align: justify;\">El estudio abarc\u00f3 a ocho mil 100 familias, incluidos siete mil 831 ni\u00f1os menores de cinco a\u00f1os y ocho mil 900 mujeres en edad reproductiva (de 15-45 a\u00f1os), de 13 gobernaciones.<\/p>\n<p style=\"text-align: justify;\">El estudio mostr\u00f3 que los casos de desnutrici\u00f3n entre esta categor\u00eda de ni\u00f1os y mujeres est\u00e1n dentro de las normas mundiales.<\/p>\n<p style=\"text-align: justify;\">\u201cLa tasa de desnutrici\u00f3n general entre los ni\u00f1os menores de cinco a\u00f1os es del 1.7 por ciento, y es una tasa tranquilizadora ya que el indicador global que alerta sobre la desnutrici\u00f3n infantil es por encima del 2 por ciento\u201d, precis\u00f3 el estudio.<\/p>\n<p style=\"text-align: justify;\">Agreg\u00f3 que el porcentaje de desnutrici\u00f3n entre las mujeres en edad f\u00e9rtil lleg\u00f3 al 4 por ciento, una tasa que no se considera peligrosa.<\/p>\n<p style=\"text-align: justify;\">El viceministro de Salud, Ahmed Khleifaoui, coment\u00f3 que esta encuesta se realiz\u00f3 durante los meses de marzo y abril del a\u00f1o pasado a trav\u00e9s de 56 equipos en varias provincias.<\/p>\n<p style=\"text-align: justify;\">Por su parte, el Representante Adjunto de la UNICEF en Siria, dijo que las tasas de desnutrici\u00f3n en esta encuesta son \u201cmuy bajas\u201d seg\u00fan la clasificaci\u00f3n de la Organizaci\u00f3n Mundial de la Salud, atribuyendo este logro a las respuestas de nutrici\u00f3n preventiva y curativa implementadas a gran escala por el Ministerio de Salud de Siria en coordinaci\u00f3n con sus socios locales e internacionales y entidades de la ONU.<\/p>\n<p style=\"text-align: justify;\"><strong>Provincia siria de Homs 75 mil toneladas de aceitunas<\/strong><\/p>\n<p style=\"text-align: justify;\">La producci\u00f3n de aceitunas de la provincia de Homs en el centro del pa\u00eds, para la temporada 2019, aument\u00f3 en aproximadamente 14 mil toneladas con respecto al 2018, ya que las cantidades de aceitunas cultivadas ascendieron a aproximadamente 75 mil toneladas.<\/p>\n<p style=\"text-align: justify;\">Nazih Al-Rifai, director de agricultura en Homs, explic\u00f3 que las \u00e1reas cultivadas con olivo ascienden a 963 km cuadrados y el n\u00famero de \u00e1rboles supera los 15 millones, de los cuales hay m\u00e1s de 10 millones fruct\u00edferos.<\/p>\n<p style=\"text-align: justify;\">Los agricultores atribuyen este aumento en la producci\u00f3n a las condiciones clim\u00e1ticas apropiadas y la ausencia de enfermedades y plagas, especialmente el gusano del olivo que se extendi\u00f3 ampliamente durante la temporada 2018.<\/p>\n<p style=\"text-align: justify;\">Los propietarios de las almazaras aseguran que la producci\u00f3n de esta temporada fue mucho mejor que el a\u00f1o anterior en t\u00e9rminos de la cantidad de aceituna entregada a sus instalaciones.<\/p>\n<p style=\"text-align: justify;\">Sobre las demandas de los agricultores de encontrar mercados para vender el exceso de acierte producido, Muwaffaq Zakaria, jefe de la Oficina de Comercializaci\u00f3n en la Uni\u00f3n General de Campesinos en Homs, se\u00f1al\u00f3 que se envi\u00f3 un nota para exportar la cantidad excedente del consumo local en la gobernaci\u00f3n.<\/p>\n<p style=\"text-align: justify;\"><strong>M\u00e1s de un centenar de instalaciones industriales comienzan a producir en Deraa<\/strong><\/p>\n<p style=\"text-align: justify;\">Unas 137 instalaciones industriales y artesanales entraron en funcionamiento durante el 2019 en la provincia de Deraa, 101 km al sur de Damasco, seg\u00fan inform\u00f3 Abdel Wahid Awad, director de Industria de esa gobernaci\u00f3n sure\u00f1a.<\/p>\n<p style=\"text-align: justify;\">Precis\u00f3 en una declaraci\u00f3n al Bolet\u00edn Econ\u00f3mico de SANA, que el n\u00famero de instalaciones artesanales implementadas en el a\u00f1o 2019 ascendi\u00f3 a 59 cuyo capital se estima en 1.3 mil millones de libras (equivalente a tres millones de USD), las cuales garantizaron 150 trabajos.<\/p>\n<p style=\"text-align: justify;\">Agreg\u00f3 que el n\u00famero de establecimientos industriales ejecutados en el mismo a\u00f1o lleg\u00f3 a 78 con un capital de 4.5 mil millones de libras (8 millones de USD) que ofrecieron 346 oportunidades de trabajo.<\/p>\n<p style=\"text-align: justify;\">\u201cEl crecimiento del sector industrial y artesanal en Deraa se debe a las facilidades otorgadas por las entidades gubernamentales\u201d, afirm\u00f3 Awad.<\/p>\n<p style=\"text-align: justify;\">En el a\u00f1o pasado, indic\u00f3, unos 219 proyectos industriales fueron autorizados con un capital de 10.4 mil millones de libras (equivalente A 23 millones de USD), y generaron 960 puestos de trabajo.<\/p>\n<p style=\"text-align: justify;\"><strong>El Ej\u00e9rcito libio derriba un avi\u00f3n no tripulado turco<\/strong><\/p>\n<p style=\"text-align: justify;\">El ej\u00e9rcito libio anunci\u00f3 hoy que un avi\u00f3n turco no tripulado fue derribado sobre la capital, Tr\u00edpoli.<\/p>\n<p style=\"text-align: justify;\">El portavoz del ej\u00e9rcito, mayor general Ahmed Al-Mesmari, dijo que la Fuerza A\u00e9rea del Comando General de las Fuerzas Armadas de Libia derrib\u00f3 un dron turco despu\u00e9s de despegar de la base a\u00e9rea de Mitiga.<\/p>\n<p style=\"text-align: justify;\">Se\u00f1al\u00f3 que el dron derribado trataba de atacar una posici\u00f3n del ej\u00e9rcito libio en Tr\u00edpoli.<\/p>\n<p style=\"text-align: justify;\">Anteriormente, el ej\u00e9rcito libio ha derribado muchos drones turcos durante las \u00faltimas semanas.<\/p>\n<p style=\"text-align: justify;\">\n<p style=\"text-align: justify;\"><span style=\"color: #0000ff;\"><strong>F.M\/ E.D<\/strong><\/span><\/p>\n","protected":false},"excerpt":{"rendered":"<p>Damasco, SANA Les ofrecemos a continuaci\u00f3n un resumen de las noticias nacionales e internacionales relativas a Siria y difundidas por nuestra agencia en las \u00faltimas 24 horas: Siria e Ir\u00e1n debaten v\u00edas de blindar la cooperaci\u00f3n en materia educativa y cient\u00edfica El primer ministro, Imad Khamis, recibi\u00f3 al ministro de Educaci\u00f3n y Ense\u00f1anza Superior de &hellip;<\/p>\n","protected":false},"author":32,"featured_media":127956,"comment_status":"closed","ping_status":"closed","sticky":false,"template":"","format":"standard","meta":{"footnotes":""},"categories":[447,555,597],"tags":[17396],"class_list":["post-128041","post","type-post","status-publish","format-standard","has-post-thumbnail","","category-local-politica","category-prensa","category-cinta-de-noticias","tag-resumen-de-noticias-publicadas-por-sana-23-de-enero-del-2020"],"_links":{"self":[{"href":"https:\/\/archive.sana.sy\/es\/index.php?rest_route=\/wp\/v2\/posts\/128041"}],"collection":[{"href":"https:\/\/archive.sana.sy\/es\/index.php?rest_route=\/wp\/v2\/posts"}],"about":[{"href":"https:\/\/archive.sana.sy\/es\/index.php?rest_route=\/wp\/v2\/types\/post"}],"author":[{"embeddable":true,"href":"https:\/\/archive.sana.sy\/es\/index.php?rest_route=\/wp\/v2\/users\/32"}],"replies":[{"embeddable":true,"href":"https:\/\/archive.sana.sy\/es\/index.php?rest_route=%2Fwp%2Fv2%2Fcomments&post=128041"}],"version-history":[{"count":0,"href":"https:\/\/archive.sana.sy\/es\/index.php?rest_route=\/wp\/v2\/posts\/128041\/revisions"}],"wp:featuredmedia":[{"embeddable":true,"href":"https:\/\/archive.sana.sy\/es\/index.php?rest_route=\/wp\/v2\/media\/127956"}],"wp:attachment":[{"href":"https:\/\/archive.sana.sy\/es\/index.php?rest_route=%2Fwp%2Fv2%2Fmedia&parent=128041"}],"wp:term":[{"taxonomy":"category","embeddable":true,"href":"https:\/\/archive.sana.sy\/es\/index.php?rest_route=%2Fwp%2Fv2%2Fcategories&post=128041"},{"taxonomy":"post_tag","embeddable":true,"href":"https:\/\/archive.sana.sy\/es\/index.php?rest_route=%2Fwp%2Fv2%2Ftags&post=128041"}],"curies":[{"name":"wp","href":"https:\/\/api.w.org\/{rel}","templated":true}]}}