{"id":128126,"date":"2020-01-24T12:22:01","date_gmt":"2020-01-24T10:22:01","guid":{"rendered":"http:\/\/sana.sy\/es\/?p=128126"},"modified":"2020-01-24T20:59:51","modified_gmt":"2020-01-24T18:59:51","slug":"ejercito-recupera-el-control-de-la-localidad-al-samaka-en-provincia-de-idleb","status":"publish","type":"post","link":"https:\/\/archive.sana.sy\/es\/?p=128126","title":{"rendered":"Ej\u00e9rcito recupera el control de la localidad al-Samaka en provincia de Idleb"},"content":{"rendered":"<p style=\"text-align: justify;\"><strong><span lang=\"ES\" style=\"color: #800000;\">Idleb, SANA<\/span><\/strong><\/p>\n<p style=\"text-align: justify;\"><span lang=\"ES\">Unidades del ej\u00e9rcito sirio reconquistaron la localidad al-Samaka en el sudeste de la provincia septentrional de Idleb, e infligieron bajas y p\u00e9rdidas en las filas de los terroristas del Frente al-Nousra.<\/span><\/p>\n<p style=\"text-align: justify;\"><span lang=\"ES\">Seg\u00fan reportes del corresponsal de SANA, las escuadras del ej\u00e9rcito que operan en el municipio de Maaret al-Nouman, les arrebataron a los radicales el control de la aldea al-Samaka, y la liberaron de toda presencia de terroristas.<\/span><\/p>\n<p style=\"text-align: justify;\"><span lang=\"ES\">Los uniformados contin\u00faan sus operativos para retomar las localidades de al-Teh y Abu Yuref, asegur\u00f3 el corresponsal.<\/span><\/p>\n<p style=\"text-align: justify;\">Asimismo, unidades del Ej\u00e9rcito asestaron golpes a los terroristas de al-Nousra y otros grupos afines, en respuesta a sus ataques contra los puntos del Ej\u00e9rcito en la localidad de Sahyan, en el sur de Idleb.<\/p>\n<p style=\"text-align: justify;\"><span lang=\"ES\">En la v\u00edspera, las organizaciones terroristas lanzaron una violenta ofensiva contra las posiciones del ej\u00e9rcito \u00e1rabe sirio en las localidades de al-Teh, Abu Ajel, Heref y al-Samaka, en el sudeste de Idleb.<\/span><\/p>\n<p style=\"text-align: justify;\"><span lang=\"ES\">Seg\u00fan afirm\u00f3 una fuente militar, los terroristas lograron llegar a algunos de los puntos militares de los cuales el ej\u00e9rcito tuvo que replegarse.<\/span><\/p>\n<p style=\"text-align: justify;\"><strong><span style=\"color: #0000ff;\">A. Sh.\/ F. M.\/ A. H.<\/span><\/strong><\/p>\n","protected":false},"excerpt":{"rendered":"<p>Idleb, SANA Unidades del ej\u00e9rcito sirio reconquistaron la localidad al-Samaka en el sudeste de la provincia septentrional de Idleb, e infligieron bajas y p\u00e9rdidas en las filas de los terroristas del Frente al-Nousra. Seg\u00fan reportes del corresponsal de SANA, las escuadras del ej\u00e9rcito que operan en el municipio de Maaret al-Nouman, les arrebataron a los &hellip;<\/p>\n","protected":false},"author":30,"featured_media":128127,"comment_status":"closed","ping_status":"closed","sticky":false,"template":"","format":"standard","meta":{"footnotes":""},"categories":[597,573,583],"tags":[17407,6553],"class_list":["post-128126","post","type-post","status-publish","format-standard","has-post-thumbnail","","category-cinta-de-noticias","category-la-realidad-de-los-acontecimientos-en-siria","category-slide","tag-ejercito-recupera-el-control-de-la-localidad-al-samaka-en-provincia-de-idleb","tag-siria"],"_links":{"self":[{"href":"https:\/\/archive.sana.sy\/es\/index.php?rest_route=\/wp\/v2\/posts\/128126"}],"collection":[{"href":"https:\/\/archive.sana.sy\/es\/index.php?rest_route=\/wp\/v2\/posts"}],"about":[{"href":"https:\/\/archive.sana.sy\/es\/index.php?rest_route=\/wp\/v2\/types\/post"}],"author":[{"embeddable":true,"href":"https:\/\/archive.sana.sy\/es\/index.php?rest_route=\/wp\/v2\/users\/30"}],"replies":[{"embeddable":true,"href":"https:\/\/archive.sana.sy\/es\/index.php?rest_route=%2Fwp%2Fv2%2Fcomments&post=128126"}],"version-history":[{"count":0,"href":"https:\/\/archive.sana.sy\/es\/index.php?rest_route=\/wp\/v2\/posts\/128126\/revisions"}],"wp:featuredmedia":[{"embeddable":true,"href":"https:\/\/archive.sana.sy\/es\/index.php?rest_route=\/wp\/v2\/media\/128127"}],"wp:attachment":[{"href":"https:\/\/archive.sana.sy\/es\/index.php?rest_route=%2Fwp%2Fv2%2Fmedia&parent=128126"}],"wp:term":[{"taxonomy":"category","embeddable":true,"href":"https:\/\/archive.sana.sy\/es\/index.php?rest_route=%2Fwp%2Fv2%2Fcategories&post=128126"},{"taxonomy":"post_tag","embeddable":true,"href":"https:\/\/archive.sana.sy\/es\/index.php?rest_route=%2Fwp%2Fv2%2Ftags&post=128126"}],"curies":[{"name":"wp","href":"https:\/\/api.w.org\/{rel}","templated":true}]}}