{"id":128237,"date":"2020-01-25T07:18:47","date_gmt":"2020-01-25T05:18:47","guid":{"rendered":"http:\/\/sana.sy\/es\/?p=128237"},"modified":"2020-01-25T12:24:21","modified_gmt":"2020-01-25T10:24:21","slug":"cuba-nunca-se-rendira-ante-las-presiones-estadounidenses","status":"publish","type":"post","link":"https:\/\/archive.sana.sy\/es\/?p=128237","title":{"rendered":"Cuba nunca se rendir\u00e1 ante las presiones estadounidenses"},"content":{"rendered":"<div>\n<p style=\"text-align: justify;\"><strong><span lang=\"ES\" style=\"color: #800000;\">La Habana-SANA<\/span><\/strong><\/p>\n<p style=\"text-align: justify;\"><span lang=\"ES\">El presidente cubano, Miguel D\u00edaz Canel, exigi\u00f3 a Estados Unidos que respete la soberan\u00eda de Cuba.<\/span><\/p>\n<p style=\"text-align: justify;\"><span lang=\"ES\">El l\u00edder cubano subray\u00f3 que su pueblo no se rendir\u00e1 ante la presi\u00f3n de Washington y no permitir\u00e1 que nadie debilite su posici\u00f3n.<\/span><\/p>\n<p style=\"text-align: justify;\"><span lang=\"ES\">\u201cCuba est\u00e1 lista para enfrentar todos los escenarios y los tiempos dif\u00edciles<\/span><span dir=\"RTL\" lang=\"AR-SA\">\u200f<\/span><span lang=\"ES\">\u201d, dijo Canel en unas declaraciones a la prensa.<\/span><\/p>\n<p style=\"text-align: justify;\"><span lang=\"ES\">El gobernante indic\u00f3 adem\u00e1s, que su pa\u00eds est\u00e1 listo para establecer un di\u00e1logo constructivo y una relaci\u00f3n civilizada con Estados Unidos, a pesar de las diferencias ideol\u00f3gicas entre ambos.<\/span><\/p>\n<p style=\"text-align: justify;\"><span lang=\"ES\">Por su parte, el canciller cubano, Bruno Rodr\u00edguez, conden\u00f3 la pol\u00edtica estadounidense encaminada a desestabilizar a los pa\u00edses en Am\u00e9rica Latina y el Caribe.<\/span><\/p>\n<p style=\"text-align: justify;\"><strong><span style=\"color: #0000ff;\">W.S\/F.M<\/span><\/strong><\/p>\n<\/div>\n<p style=\"text-align: justify;\">\n","protected":false},"excerpt":{"rendered":"<p>La Habana-SANA El presidente cubano, Miguel D\u00edaz Canel, exigi\u00f3 a Estados Unidos que respete la soberan\u00eda de Cuba. El l\u00edder cubano subray\u00f3 que su pueblo no se rendir\u00e1 ante la presi\u00f3n de Washington y no permitir\u00e1 que nadie debilite su posici\u00f3n. \u201cCuba est\u00e1 lista para enfrentar todos los escenarios y los tiempos dif\u00edciles\u200f\u201d, dijo Canel &hellip;<\/p>\n","protected":false},"author":35,"featured_media":128238,"comment_status":"closed","ping_status":"closed","sticky":false,"template":"","format":"standard","meta":{"footnotes":""},"categories":[597,456,7541],"tags":[],"class_list":["post-128237","post","type-post","status-publish","format-standard","has-post-thumbnail","","category-cinta-de-noticias","category-arabe-internacional-politica","category-ultimas-noticias"],"_links":{"self":[{"href":"https:\/\/archive.sana.sy\/es\/index.php?rest_route=\/wp\/v2\/posts\/128237"}],"collection":[{"href":"https:\/\/archive.sana.sy\/es\/index.php?rest_route=\/wp\/v2\/posts"}],"about":[{"href":"https:\/\/archive.sana.sy\/es\/index.php?rest_route=\/wp\/v2\/types\/post"}],"author":[{"embeddable":true,"href":"https:\/\/archive.sana.sy\/es\/index.php?rest_route=\/wp\/v2\/users\/35"}],"replies":[{"embeddable":true,"href":"https:\/\/archive.sana.sy\/es\/index.php?rest_route=%2Fwp%2Fv2%2Fcomments&post=128237"}],"version-history":[{"count":0,"href":"https:\/\/archive.sana.sy\/es\/index.php?rest_route=\/wp\/v2\/posts\/128237\/revisions"}],"wp:featuredmedia":[{"embeddable":true,"href":"https:\/\/archive.sana.sy\/es\/index.php?rest_route=\/wp\/v2\/media\/128238"}],"wp:attachment":[{"href":"https:\/\/archive.sana.sy\/es\/index.php?rest_route=%2Fwp%2Fv2%2Fmedia&parent=128237"}],"wp:term":[{"taxonomy":"category","embeddable":true,"href":"https:\/\/archive.sana.sy\/es\/index.php?rest_route=%2Fwp%2Fv2%2Fcategories&post=128237"},{"taxonomy":"post_tag","embeddable":true,"href":"https:\/\/archive.sana.sy\/es\/index.php?rest_route=%2Fwp%2Fv2%2Ftags&post=128237"}],"curies":[{"name":"wp","href":"https:\/\/api.w.org\/{rel}","templated":true}]}}