{"id":128294,"date":"2020-01-26T09:17:52","date_gmt":"2020-01-26T07:17:52","guid":{"rendered":"http:\/\/sana.sy\/es\/?p=128294"},"modified":"2020-01-26T15:16:57","modified_gmt":"2020-01-26T13:16:57","slug":"resumen-de-noticias-publicadas-por-sana-26-de-enero-del-2020","status":"publish","type":"post","link":"https:\/\/archive.sana.sy\/es\/?p=128294","title":{"rendered":"Resumen de noticias publicadas por SANA, 26 de enero del 2020"},"content":{"rendered":"<p style=\"text-align: justify;\"><strong><span style=\"color: #800000;\"><u>Damasco, SANA<\/u><\/span><\/strong><\/p>\n<p style=\"text-align: justify;\">Les ofrecemos a continuaci\u00f3n un resumen de las noticias nacionales e internacionales relativas a Siria y difundidas por nuestra agencia en las \u00faltimas 24 horas:<\/p>\n<p style=\"text-align: justify;\"><span style=\"color: #0000ff;\"><strong><u>Fuente militar: El ej\u00e9rcito sirio est\u00e1 decidido a erradicar lo que queda de terrorismo en Idleb y Alepo<\/u><\/strong><\/span><\/p>\n<p style=\"text-align: justify;\">Una fuente militar afirm\u00f3 que el ej\u00e9rcito \u00e1rabe sirio est\u00e1 decidido a poner l\u00edmite final a las violaciones y agresiones del Frente al-Nousra y las agrupaciones filiales contra la poblaci\u00f3n civil y las posiciones del ej\u00e9rcito en Alepo e Idleb.<\/p>\n<p style=\"text-align: justify;\">La fuente dijo a SANA que la organizaci\u00f3n del Frente al-Nousra y las agrupaciones afines contin\u00faan sus repetidas violaciones en la zona de desescalada en la provincia de Idleb y la campi\u00f1a del oeste de Alepo, de donde atacan a diario las zonas residenciales y las posiciones del ej\u00e9rcito con proyectiles y veh\u00edculos minados que causan muerte, destrucci\u00f3n y p\u00e1nico entre los civiles pac\u00edficos, y esto no se puede permitir que contin\u00fae as\u00ed.<\/p>\n<p style=\"text-align: justify;\">\u201cProteger la vida de los civiles inocentes es un deber que el ej\u00e9rcito se enorgullece de asumirlo, y est\u00e1 decidido a poner l\u00edmite definitivo a las repetidas infracciones y trabajar\u00e1 por devolver la vida normal a dichas regiones.\u201d, agreg\u00f3.<\/p>\n<p style=\"text-align: justify;\">La fuente asegur\u00f3 que las acciones del ej\u00e9rcito no se limitar\u00e1n a las fuentes del fuego, sino que tambi\u00e9n incluir\u00e1n operaciones arrolladoras que no cesar\u00e1n antes de la erradicaci\u00f3n de lo que queda de terrorismo armado en sus diversas formas y denominaciones.<\/p>\n<p style=\"text-align: justify;\"><strong><span style=\"color: #0000ff;\"><u>Canciller\u00eda: Las operaciones del ej\u00e9rcito sirio y sus aliados en Alepo e Idleb no se detendr\u00e1n hasta erradicar el terrorismo<\/u><\/span><\/strong><\/p>\n<p style=\"text-align: justify;\">Siria reafirm\u00f3 hoy que las operaciones militares llevadas a cabo por el ej\u00e9rcito \u00e1rabe sirio y sus aliados en las provincias de Alepo e Idleb se realizan en respuesta a los llamados de los ciudadanos sirios para protegerlos y salvarlos de los cr\u00edmenes sistem\u00e1ticos cometidos por los grupos terroristas armados.<\/p>\n<p style=\"text-align: justify;\">En dos cartas enviadas al Secretario General de las Naciones Unidas y al Presidente del Consejo de Seguridad, el Ministerio de Exteriores y Emigrantes explic\u00f3 que las agrupaciones terroristas armados, encabezadas por el Frente Al-Nousra (inscrita en la lista del terrorismo del Consejo de Seguridad), contin\u00faan su terrorismo y cr\u00edmenes en las provincias de Alepo e Idleb.<\/p>\n<p style=\"text-align: justify;\">\u201cLos terroristas atacan la poblaci\u00f3n civil, las instalaciones civiles y de servicios, como hospitales, escuelas y lugares de culto, lo que causa la ca\u00edda de numerosos m\u00e1rtires y heridos, la mayor\u00eda de ellos son ni\u00f1os, mujeres y ancianos\u201d, afirm\u00f3 canciller\u00eda.<\/p>\n<p style=\"text-align: justify;\">Canciller\u00eda mencion\u00f3 en este sentido la ca\u00edda de 23 m\u00e1rtires civiles durante la semana pasada solo en los bombardeos perpetrados por esos grupos en el vecindario Al-Sukkari de la ciudad de Alepo y otros barrios el d\u00eda 16 de enero en curso.<\/p>\n<p style=\"text-align: justify;\">Las misivas acotaron que las operaciones militares son precisas y estudiadas llevadas a cabo por el ej\u00e9rcito \u00e1rabe sirio y sus aliados en las provincias de Alepo e Idleb y responden a las s\u00faplicas de los ciudadanos sirios en esas dos provincias y en respuesta a los cr\u00edmenes sistem\u00e1ticos cometidos por los grupos terroristas armados que reciben apoyo militar y log\u00edstico ilimitado de ciertos pa\u00edses occidentales y regionales.<\/p>\n<p style=\"text-align: justify;\">La Rep\u00fablica \u00c1rabe Siria llama la atenci\u00f3n del Secretario General y del Presidente del Consejo de Seguridad que los terroristas de Al-Nousra y otros grupos afines siguen asediando a los civiles e impiden su salida por los corredores humanitarios que fueron abiertos por las autoridades sirias en Idleb y Alepo.<\/p>\n<p style=\"text-align: justify;\">Concluy\u00f3 sus cartas con reafirmar que las operaciones militares llevadas a cabo por el Ej\u00e9rcito \u00c1rabe Sirio y sus aliados est\u00e1n encaminadas para eliminar a los terroristas del Daesh y al-Nousra y otras pandillas terroristas no se detendr\u00e1n hasta la eliminaci\u00f3n de estos terroristas que amenazan la seguridad de los civiles sirios.<\/p>\n<p style=\"text-align: justify;\"><span style=\"color: #0000ff;\"><strong><u>Ej\u00e9rcito lanza masivo ataque contra los terroristas al oeste de Alepo.<\/u><\/strong><\/span><\/p>\n<p style=\"text-align: justify;\">El ej\u00e9rcito sirio est\u00e1 llevando a cabo una amplia operaci\u00f3n militar antiterrorista en la que asest\u00f3 duros golpes a sedes y fortificaciones de los grupos terroristas a lo largo de la l\u00ednea del frente que se extiende entre las localidades de al-Zahraa y al-Rashedeen, al oeste de Alepo.<\/p>\n<p style=\"text-align: justify;\">Seg\u00fan reportes del corresponsal de SANA, los militares llevaron a cabo ataques masivos contra las organizaciones terroristas y destruyeron sus sedes en las localidades de Kafer Hamra, al-Rashedeen, Mansoura, Khan Al-Asal y Kafr Naha, al oeste de Alepo, en respuesta a las violaciones de las organizaciones y sus ataques contra los barrios seguros de Alepo.<\/p>\n<p style=\"text-align: justify;\">Indic\u00f3 los fuertes ataques del ej\u00e9rcito con artiller\u00eda y cohetes, y que se escucharon en varias \u00e1reas de la ciudad de Alepo, infligieron bajas a los terroristas y les destruyeron lanzacohetes, y provocaron colapso en sus filas a lo largo de la l\u00ednea del frente.<\/p>\n<p style=\"text-align: justify;\">Una fuente militar hab\u00eda afirmado hoy que el Ej\u00e9rcito est\u00e1 decidido a poner fin a las violaciones y ataques de los terroristas del &#8220;Frente Al-Nousra&#8221; contra los civiles y puntos del ej\u00e9rcito en Alepo e Idleb.<\/p>\n<p style=\"text-align: justify;\"><span style=\"color: #0000ff;\"><strong><u>Ej\u00e9rcito libera varias localidades en Idleb, y sigue avanzando en medio de un colapso en filas de los terroristas<\/u><\/strong><\/span><\/p>\n<p style=\"text-align: justify;\">Unidades del ej\u00e9rcito sirio reconquistaron las localidades de Krisan, Mar Shemar\u00edn, Abu Yuref y Takanah, en el sudeste de la provincia de Idleb.<\/p>\n<p style=\"text-align: justify;\">Seg\u00fan reportes del corresponsal de SANA, los militares infligieron\u00a0 numerosas bajas y colosales p\u00e9rdidas en las filas de los terroristas, y siguen avanzando hacia la ciudad de Maaret al-Nouman.<\/p>\n<p style=\"text-align: justify;\">Precis\u00f3 que los operativos del ej\u00e9rcito fueron intensos y precisos, y se llevaron a cabo bajo intensa cobertura del fuego de artiller\u00eda y cohetes.<\/p>\n<p style=\"text-align: justify;\">Ante los golpes del ej\u00e9rcito, reina un estado de caos y colapso entre los\u00a0 extremistas que numerosos de ellos fueron eliminados y el resto huy\u00f3 hacia Maaret al-Nouman, el mayor feudo terrorista en el sudeste de Idleb.<\/p>\n<p style=\"text-align: justify;\">El jueves \u00faltimo, las organizaciones terroristas lanzaron una violenta ofensiva contra las posiciones del ej\u00e9rcito \u00e1rabe sirio en las localidades de al-Teh, Abu Ajel, Heref y al-Samaka, en el sudeste de Idleb.<\/p>\n<p style=\"text-align: justify;\">Seg\u00fan afirm\u00f3 una fuente militar, los terroristas lograron llegar a algunos de los puntos militares de los cuales el ej\u00e9rcito tuvo que replegarse.<\/p>\n<p style=\"text-align: justify;\"><span style=\"color: #0000ff;\"><strong><u>Terroristas siguen usando a civiles como escudos humanos e impiden su llegada a los corredores humanitarios<\/u><\/strong><\/span><\/p>\n<p style=\"text-align: justify;\">Por duod\u00e9cimo d\u00eda consecutivo, las organizaciones terroristas impiden que los civiles salgan de sus zonas y dirigirse a los corredores humanitarios de Abu al-Dahour y al-Habit en la provincia de Idleb, y al-Hader en Alepo.<\/p>\n<p style=\"text-align: justify;\">Seg\u00fan reportan los corresponsales de SANA, los radicales del \u201cFrente Al-Nousra\u201d y sus grupos afines intensificaron su asedio a los civiles y siguen impidiendo su salida.<\/p>\n<p style=\"text-align: justify;\">Asimismo, desplegaron francotiradores en varios puntos de observaci\u00f3n en las regiones adyacentes a los pueblos liberadas por el Ej\u00e9rcito \u00c1rabe Sirio con el fin de disparar contra cualquiera de los civiles que intente escapar.<\/p>\n<p style=\"text-align: justify;\">Cabe resaltar que las autoridades competentes prepararon una cl\u00ednica m\u00f3vil, ambulancias con equipos m\u00e9dicos y autobuses para trasladar a aquellos que logran escaparse del terrorismo a sus zonas de origen.<\/p>\n<p style=\"text-align: justify;\"><span style=\"color: #0000ff;\"><strong><u>Maduro se re\u00fane con Bilal y afirma que Siria triunf\u00f3 sobre el terrorismo<\/u><\/strong><\/span><\/p>\n<p style=\"text-align: justify;\">El presidente venezolano, Nicol\u00e1s Maduro, recibi\u00f3 a Mohsen Bilal, miembro de la Direcci\u00f3n Central del Partido Baath \u00c1rabe Socialista, en la capital venezolana Caracas, al margen del Foro Mundial Antimperialista por la Vida, la Soberan\u00eda y la Paz.<\/p>\n<p style=\"text-align: justify;\">El mandatario expres\u00f3 su aprecio por Siria, su pueblo y el presidente Bashar al-Assad, y tambi\u00e9n manifest\u00f3 su solidaridad frente al terrorismo y que el pueblo sirio triunfante merece la paz.<\/p>\n<p style=\"text-align: justify;\">Durante el encuentro, que se celebr\u00f3 con la participaci\u00f3n de m\u00e1s de mil 500 personalidades del mundo, Bilal dijo en una alocuci\u00f3n que Siria est\u00e1 de parte de Venezuela y los venezolanos contra el imperialismo que quiere imponer su hegemon\u00eda al mundo, y dirigi\u00f3 un saludo a Venezuela y Cuba que afrontan el bloqueo econ\u00f3mico, financiero y comercial impuesto por la administraci\u00f3n estadounidense.<\/p>\n<p style=\"text-align: justify;\">Agreg\u00f3 que Siria est\u00e1 en la primera l\u00ednea del frente contra la ocupaci\u00f3n norteamericana que se afana por saquear sus recursos e inundarla en el caos, no obstante Siria contin\u00faa firme frente a la hegemon\u00eda estadounidense y el terrorismo fabricado por Washington.<\/p>\n<p style=\"text-align: justify;\">Al t\u00e9rmino del encuentro, el presidente Maduro afirm\u00f3 que el mismo tiene como objetivo movilizar las energ\u00edas antimperialistas y trabajar conjuntamente entre los estados para defender el derecho de los pueblos a vivir en paz, y destac\u00f3 que, a pesar de todo el respaldo dado por EE.UU. a la oposici\u00f3n, esta fracas\u00f3 en sus planes.<\/p>\n<p style=\"text-align: justify;\">Al margen del encuentro, Bilal se reuni\u00f3 con el canciller venezolano, Jorge Arreaza, y examin\u00f3 con \u00e9l la situaci\u00f3n en Venezuela y la agresi\u00f3n que sufre de parte de EE.UU. y sus sat\u00e9lites regionales.<\/p>\n<p style=\"text-align: justify;\">El titular venezolano afirm\u00f3 que su pa\u00eds no se rendir\u00e1 y resiste sin tregua en esta parte del mundo, al igual que Siria que resiste con firmeza indoblegable en el otro hemisferio, y asegur\u00f3 que EE.UU. es el patrocinador del terrorismo.<\/p>\n<p style=\"text-align: justify;\">Por su parte, Bilal expres\u00f3 el apoyo total y la solidaridad de Siria con la dirigencia de Venezuela contra los intentos injerencistas, y afirm\u00f3 que Siria hace frente al terrorismo creado por EE.UU. desde hace nueve a\u00f1os y continuar\u00e1 la batalla hasta su derrota total.<\/p>\n<p style=\"text-align: justify;\"><span style=\"color: #0000ff;\"><strong><u>Sanidad confirma que no se registr\u00f3 ning\u00fan caso de infecci\u00f3n con Coronavirus<\/u><\/strong><\/span><\/p>\n<p style=\"text-align: justify;\">El Ministerio de Sanidad de Siria anunci\u00f3 que no se registr\u00f3 ning\u00fan caso de infecci\u00f3n con Coronavirus.<\/p>\n<p style=\"text-align: justify;\">Afirm\u00f3 que fueron tomadas medidas sanitarias estrictas en los cruces fronterizos.<\/p>\n<p style=\"text-align: justify;\">\u201cFueron tomadas medidas estrictas para monitorear la situaci\u00f3n sanitaria de los visitantes llegados por las terminales a\u00e9reas, terrestres y mar\u00edtimas, con fin de detectar cualquier caso sospechoso de infecci\u00f3n con el Virus\u201d, dijo el Ministerio de Salud en un comunicado emitido el s\u00e1bado.<\/p>\n<p style=\"text-align: justify;\">Hasta la fecha, fueron registrados 1300 casos de Coronavirus en China, aunque la Organizaci\u00f3n Mundial de la Salud no ha declarado a\u00fan una emergencia sanitaria mundial.<\/p>\n<p style=\"text-align: justify;\"><span style=\"color: #0000ff;\"><strong><u>Embajador indio en Damasco ratifica apoyo a la soberan\u00eda de Siria y su integridad territorial<\/u><\/strong><\/span><\/p>\n<p style=\"text-align: justify;\">A Siria y La India les unen relaciones arraigadas que datan de la fecha de independencia de Siria en 1946, cuando fue declarado un entendimiento completo para apoyar las causas de los dos pa\u00edses en los foros internacionales, as\u00ed como para potenciar las relaciones en los foros pol\u00edticos, econ\u00f3micos y culturales.<\/p>\n<p style=\"text-align: justify;\">En una pl\u00e1tica con el embajador de La India en Damasco, con ocasi\u00f3n del 71\u00ba aniversario del D\u00eda de la Rep\u00fablica que coincide el 26 de enero de cada a\u00f1o, Hafth Rahm\u00e1n, ratific\u00f3 las posturas de su pa\u00eds en apoyo a Siria frente al terrorismo y para fortalecer la cooperaci\u00f3n en la etapa de reconstrucci\u00f3n.<\/p>\n<p style=\"text-align: justify;\">El embajador se\u00f1al\u00f3 que su pa\u00eds adopta una postura fuerte y decisiva hacia la guerra contra Siria, la cual expres\u00f3 desde el principio en los diferentes foros internacionales, afirmando que la soluci\u00f3n deber\u00eda ser en marco de un proceso pol\u00edtico global bajo conducci\u00f3n del estado sirio y en base del respeto a la soberan\u00eda de Siria y su integridad territorial.<\/p>\n<p style=\"text-align: justify;\">En lo referente a la participaci\u00f3n de La India en la etapa de reconstrucci\u00f3n, el embajador afirm\u00f3 que su pa\u00eds reactivar\u00e1 los memorandos de entendimiento entre los dos pa\u00edses y existe una coordinaci\u00f3n con el Estamento de Planificaci\u00f3n y Cooperaci\u00f3n Internacional para efectuar un n\u00famero de proyectos en turismo, transporte y tecnolog\u00eda, entre otros campos.<\/p>\n<p style=\"text-align: justify;\">El embajador indio aludi\u00f3 que la III reuni\u00f3n de la Comisi\u00f3n Mixta indio-siria se celebrar\u00e1 en los pr\u00f3ximos meses y tendr\u00e1 por objetivo reactivar varios convenios de colaboraci\u00f3n para contribuir al proceso de reconstrucci\u00f3n.<\/p>\n<p style=\"text-align: justify;\">El diplom\u00e1tico detall\u00f3 que su pa\u00eds puede participar eficazmente en la reconstrucci\u00f3n de Siria, prueba esto el reanudado proyecto de la empresa india Bharat que equipar\u00e1 la planta hidroel\u00e9ctrica de Tichreen a pesar de las dificultades derivadas del bloqueo econ\u00f3mico impuesto a Siria.<\/p>\n<p style=\"text-align: justify;\">Hafth Rahm\u00e1n puso de relieve que su pa\u00eds ha otorgado cursos de capacitaci\u00f3n a los 100 empleados de los diferentes ministerios, a\u00f1\u00e1dale las becas que desde el 2018 suman ya m\u00e1s de mil, adem\u00e1s de un curso especial para los diplom\u00e1ticos del Ministerio de Exteriores y Expatriados de la cual 60 diplom\u00e1ticos se ha beneficiado, y habr\u00e1 una tercera promoci\u00f3n en febrero y marzo.<\/p>\n<p style=\"text-align: justify;\">El diplom\u00e1tico hizo alusi\u00f3n a la suscripci\u00f3n de un memorando de entendimiento para la reactivaci\u00f3n del Centro Sirio-indio para la Tecnolog\u00eda de la Informaci\u00f3n que ser\u00e1 equipado adecuadamente por la parte india y ser\u00e1n enviados ac\u00e1 expertos indios que permanecer\u00e1n en Siria durante un a\u00f1o entero.<\/p>\n<p style=\"text-align: justify;\">El diplom\u00e1tico resalt\u00f3 la iniciativa humanitaria que se llev\u00f3 a cabo recientemente en Siria y consisti\u00f3 en la instalaci\u00f3n de extremidades artificiales (pr\u00f3tesis) para m\u00e1s de 500 lesionados de guerra.<\/p>\n<p style=\"text-align: justify;\">Al t\u00e9rmino de su conversaci\u00f3n el embajador agradeci\u00f3 las posturas sirias de apoyo a La India en los foros internacionales lo cual refleja las s\u00f3lidas relaciones bilaterales, y dese\u00f3 prosperidad y paz para Siria.<\/p>\n<p style=\"text-align: justify;\"><span style=\"color: #0000ff;\"><strong><u>Turistas tailandeses visitan antigua ciudad de Palmira<\/u><\/strong><\/span><\/p>\n<p style=\"text-align: justify;\">Un grupo de turistas tailandeses visit\u00f3 la antigua ciudad de Palmira al este de la provincia central de Homs, por primera vez desde su liberaci\u00f3n del terrorismo del Daesh.<\/p>\n<p style=\"text-align: justify;\">Los visitantes recorrieron los monumentos hist\u00f3ricos y documentaron los da\u00f1os que sufri\u00f3 este patrimonio de la humanidad debido a los ataques del Daesh.<\/p>\n<p style=\"text-align: justify;\">Lo que cometieron los terroristas en Palmira es una violaci\u00f3n a la cultura humana; y las organizaciones internacionales especializadas en la protecci\u00f3n del patrimonio humano deben reconstruir esos monumentos hist\u00f3ricos\u201d, declar\u00f3 uno de los turistas a la agencia SANA.<\/p>\n<p style=\"text-align: justify;\">Otra turista dijo que los sitios tur\u00edsticos que est\u00e1n en Siria son \u00fanicos en el mundo, especialmente el turismo cultural como la ciudad de palmira que es registrada en la Lista del Patrimonio Mundial.<\/p>\n<p style=\"text-align: justify;\">La misma afirm\u00f3 que hab\u00eda documentado con fotos los cr\u00edmenes atroces del Daesh que cometi\u00f3 contra el amable y hospitalario de Siria, y que har\u00eda todo lo posible para traer a grupos de turistas a Siria.<\/p>\n<p style=\"text-align: justify;\"><span style=\"color: #0000ff;\"><strong><u>Cuba nunca se rendir\u00e1 ante las presiones estadounidenses<\/u><\/strong><\/span><\/p>\n<p style=\"text-align: justify;\">El presidente cubano, Miguel D\u00edaz Canel, exigi\u00f3 a Estados Unidos que respete la soberan\u00eda de Cuba.<\/p>\n<p style=\"text-align: justify;\">El l\u00edder cubano subray\u00f3 que su pueblo no se rendir\u00e1 ante la presi\u00f3n de Washington y no permitir\u00e1 que nadie debilite su posici\u00f3n.<\/p>\n<p style=\"text-align: justify;\">\u201cCuba est\u00e1 lista para enfrentar todos los escenarios y los tiempos dif\u00edciles\u200f\u201d, dijo Canel en unas declaraciones a la prensa.<\/p>\n<p style=\"text-align: justify;\">El gobernante indic\u00f3 adem\u00e1s, que su pa\u00eds est\u00e1 listo para establecer un di\u00e1logo constructivo y una relaci\u00f3n civilizada con Estados Unidos, a pesar de las diferencias ideol\u00f3gicas entre ambos.<\/p>\n<p style=\"text-align: justify;\">Por su parte, el canciller cubano, Bruno Rodr\u00edguez, conden\u00f3 la pol\u00edtica estadounidense encaminada a desestabilizar a los pa\u00edses en Am\u00e9rica Latina y el Caribe.<\/p>\n<p style=\"text-align: justify;\"><strong><span style=\"color: #0000ff;\">F.M\/W.S<\/span><\/strong><\/p>\n<p style=\"text-align: justify;\">\n","protected":false},"excerpt":{"rendered":"<p>Damasco, SANA Les ofrecemos a continuaci\u00f3n un resumen de las noticias nacionales e internacionales relativas a Siria y difundidas por nuestra agencia en las \u00faltimas 24 horas: Fuente militar: El ej\u00e9rcito sirio est\u00e1 decidido a erradicar lo que queda de terrorismo en Idleb y Alepo Una fuente militar afirm\u00f3 que el ej\u00e9rcito \u00e1rabe sirio est\u00e1 &hellip;<\/p>\n","protected":false},"author":35,"featured_media":128295,"comment_status":"closed","ping_status":"closed","sticky":false,"template":"","format":"standard","meta":{"footnotes":""},"categories":[555],"tags":[],"class_list":["post-128294","post","type-post","status-publish","format-standard","has-post-thumbnail","","category-prensa"],"_links":{"self":[{"href":"https:\/\/archive.sana.sy\/es\/index.php?rest_route=\/wp\/v2\/posts\/128294"}],"collection":[{"href":"https:\/\/archive.sana.sy\/es\/index.php?rest_route=\/wp\/v2\/posts"}],"about":[{"href":"https:\/\/archive.sana.sy\/es\/index.php?rest_route=\/wp\/v2\/types\/post"}],"author":[{"embeddable":true,"href":"https:\/\/archive.sana.sy\/es\/index.php?rest_route=\/wp\/v2\/users\/35"}],"replies":[{"embeddable":true,"href":"https:\/\/archive.sana.sy\/es\/index.php?rest_route=%2Fwp%2Fv2%2Fcomments&post=128294"}],"version-history":[{"count":0,"href":"https:\/\/archive.sana.sy\/es\/index.php?rest_route=\/wp\/v2\/posts\/128294\/revisions"}],"wp:featuredmedia":[{"embeddable":true,"href":"https:\/\/archive.sana.sy\/es\/index.php?rest_route=\/wp\/v2\/media\/128295"}],"wp:attachment":[{"href":"https:\/\/archive.sana.sy\/es\/index.php?rest_route=%2Fwp%2Fv2%2Fmedia&parent=128294"}],"wp:term":[{"taxonomy":"category","embeddable":true,"href":"https:\/\/archive.sana.sy\/es\/index.php?rest_route=%2Fwp%2Fv2%2Fcategories&post=128294"},{"taxonomy":"post_tag","embeddable":true,"href":"https:\/\/archive.sana.sy\/es\/index.php?rest_route=%2Fwp%2Fv2%2Ftags&post=128294"}],"curies":[{"name":"wp","href":"https:\/\/api.w.org\/{rel}","templated":true}]}}