{"id":128326,"date":"2020-01-26T15:01:00","date_gmt":"2020-01-26T13:01:00","guid":{"rendered":"http:\/\/sana.sy\/es\/?p=128326"},"modified":"2023-01-10T14:34:28","modified_gmt":"2023-01-10T12:34:28","slug":"siria-y-la-unesco-repasan-vias-de-impulsar-la-cooperacion-y-coordinacion","status":"publish","type":"post","link":"https:\/\/archive.sana.sy\/es\/?p=128326","title":{"rendered":"Siria y la Unesco repasan v\u00edas de impulsar la cooperaci\u00f3n y coordinaci\u00f3n"},"content":{"rendered":"<p style=\"text-align: justify;\"><span style=\"color: #800000;\"><strong>Damasco, SANA<\/strong><\/span><\/p>\n<p style=\"text-align: justify;\">El Viceministro de Exteriores y Emigrantes, Faisal Mekdad, repas\u00f3 hoy con Edward Shaker Shaiban, el Director Regional del Fondo de las Naciones Unidas para la Infancia (UNICEF) para Medio Oriente y \u00c1frica del Norte, las v\u00edas para mejorar la coordinaci\u00f3n y cooperaci\u00f3n entre el gobierno sirio y la Unicef.<\/p>\n<p style=\"text-align: justify;\">Durante la reuni\u00f3n, Mekdad destac\u00f3 la cooperaci\u00f3n existente entre el Estado sirio y la Unicef en varios campos relativos a las especialidades de la organizaci\u00f3n, especialmente la atenci\u00f3n a la infancia, la salud, la educaci\u00f3n y el agua.<\/p>\n<p style=\"text-align: justify;\">\u201cEl gobierno sirio garantiza educaci\u00f3n para todos los ni\u00f1os sirios en los diferentes niveles educativos; y existe una cooperaci\u00f3n entre el ministerio de Educaci\u00f3n y la Unicef en el campo de indemnizar a los ni\u00f1os que la guerra les priv\u00f3 de perseguir sus estudios\u201d, acot\u00f3.<\/p>\n<p style=\"text-align: justify;\"><img loading=\"lazy\" decoding=\"async\" class=\"size-medium wp-image-128328 alignleft\" src=\"http:\/\/sana.sy\/es\/wp-content\/uploads\/2020\/01\/8-106-300x172.jpg\" alt=\"\" width=\"300\" height=\"172\" srcset=\"https:\/\/archive.sana.sy\/es\/wp-content\/uploads\/2020\/01\/8-106-300x172.jpg 300w, https:\/\/archive.sana.sy\/es\/wp-content\/uploads\/2020\/01\/8-106-150x86.jpg 150w, https:\/\/archive.sana.sy\/es\/wp-content\/uploads\/2020\/01\/8-106.jpg 660w\" sizes=\"(max-width: 300px) 100vw, 300px\" \/>El vicecanciller hizo alusi\u00f3n al impacto negativo y catastr\u00f3fico de las medidas coercitivas unilaterales impuestas por Estados Unidos y algunos pa\u00edses occidentales contra los ni\u00f1os y los servicios b\u00e1sicos que se les prestan, lo cual, seg\u00fan Mekdad, requiere que la Unicef destaque este peligro en sus informes y datos.<\/p>\n<p style=\"text-align: justify;\">A su vez, Shaiban resalt\u00f3 la estrecha cooperaci\u00f3n entre el Estado sirio y Unicef, adem\u00e1s de las actividades de la organizaci\u00f3n en el campo de la rehabilitaci\u00f3n y restauraci\u00f3n de escuelas que fueron destruidas durante la guerra terrorista en Siria, adem\u00e1s de la realizaci\u00f3n de campa\u00f1as de vacunaci\u00f3n para ni\u00f1os en varias zonas de Siria en cooperaci\u00f3n con los ministerios de Educaci\u00f3n y Salud.<\/p>\n<p style=\"text-align: justify;\">Expres\u00f3 su agradecimiento por el papel desempe\u00f1ado por el Estado sirio en facilitar la llegada de ayuda y servicios para los ni\u00f1os sirios.<\/p>\n<p style=\"text-align: justify;\"><span style=\"color: #0000ff;\"><strong>F.M<\/strong><\/span><\/p>\n","protected":false},"excerpt":{"rendered":"<p>Damasco, SANA El Viceministro de Exteriores y Emigrantes, Faisal Mekdad, repas\u00f3 hoy con Edward Shaker Shaiban, el Director Regional del Fondo de las Naciones Unidas para la Infancia (UNICEF) para Medio Oriente y \u00c1frica del Norte, las v\u00edas para mejorar la coordinaci\u00f3n y cooperaci\u00f3n entre el gobierno sirio y la Unicef. Durante la reuni\u00f3n, Mekdad &hellip;<\/p>\n","protected":false},"author":34,"featured_media":128327,"comment_status":"closed","ping_status":"closed","sticky":false,"template":"","format":"standard","meta":{"footnotes":""},"categories":[447,597,476,7541],"tags":[],"class_list":["post-128326","post","type-post","status-publish","format-standard","has-post-thumbnail","","category-local-politica","category-cinta-de-noticias","category-locales","category-ultimas-noticias"],"_links":{"self":[{"href":"https:\/\/archive.sana.sy\/es\/index.php?rest_route=\/wp\/v2\/posts\/128326"}],"collection":[{"href":"https:\/\/archive.sana.sy\/es\/index.php?rest_route=\/wp\/v2\/posts"}],"about":[{"href":"https:\/\/archive.sana.sy\/es\/index.php?rest_route=\/wp\/v2\/types\/post"}],"author":[{"embeddable":true,"href":"https:\/\/archive.sana.sy\/es\/index.php?rest_route=\/wp\/v2\/users\/34"}],"replies":[{"embeddable":true,"href":"https:\/\/archive.sana.sy\/es\/index.php?rest_route=%2Fwp%2Fv2%2Fcomments&post=128326"}],"version-history":[{"count":0,"href":"https:\/\/archive.sana.sy\/es\/index.php?rest_route=\/wp\/v2\/posts\/128326\/revisions"}],"wp:featuredmedia":[{"embeddable":true,"href":"https:\/\/archive.sana.sy\/es\/index.php?rest_route=\/wp\/v2\/media\/128327"}],"wp:attachment":[{"href":"https:\/\/archive.sana.sy\/es\/index.php?rest_route=%2Fwp%2Fv2%2Fmedia&parent=128326"}],"wp:term":[{"taxonomy":"category","embeddable":true,"href":"https:\/\/archive.sana.sy\/es\/index.php?rest_route=%2Fwp%2Fv2%2Fcategories&post=128326"},{"taxonomy":"post_tag","embeddable":true,"href":"https:\/\/archive.sana.sy\/es\/index.php?rest_route=%2Fwp%2Fv2%2Ftags&post=128326"}],"curies":[{"name":"wp","href":"https:\/\/api.w.org\/{rel}","templated":true}]}}