{"id":128330,"date":"2020-01-26T15:15:12","date_gmt":"2020-01-26T13:15:12","guid":{"rendered":"http:\/\/sana.sy\/es\/?p=128330"},"modified":"2020-09-19T19:15:38","modified_gmt":"2020-09-19T16:15:38","slug":"ceremonia-de-graduacion-de-nuevo-grupo-de-fuerzas-de-seguridad-interna-en-hasakeh","status":"publish","type":"post","link":"https:\/\/archive.sana.sy\/es\/?p=128330","title":{"rendered":"Ceremonia de graduaci\u00f3n de nuevo grupo de fuerzas de seguridad interna en Hasakeh"},"content":{"rendered":"<div>\n<p style=\"text-align: justify;\"><strong><span style=\"color: #800000;\">Hasakeh, SANA<\/span><\/strong><\/p>\n<p style=\"text-align: justify;\">La ciudad de Hasakeh fue sede de la graduaci\u00f3n de un nuevo grupo de polic\u00edas destinados a engrosar las fuerzas de la seguridad interna en esa norte\u00f1a provincia siria.<\/p>\n<p style=\"text-align: justify;\">La ceremonia al afecto incluy\u00f3 desfiles y ejercicios militares y realizados por los graduados.<\/p>\n<p style=\"text-align: justify;\">\u201cLos graduados fueron entrenados en maniobras militares intensivas de polic\u00eda para ser un verdadero aliado del ej\u00e9rcito \u00e1rabe sirio en su guerra contra el terrorismo.\u201d declar\u00f3 el coronel Shadi Abu Assaf, comandante de un batall\u00f3n de seguridad y orden en la regi\u00f3n.<\/p>\n<p style=\"text-align: justify;\">Los graduados expresaron su disposici\u00f3n a defender la patria junto a los soldados del ej\u00e9rcito \u00e1rabe sirio.<\/p>\n<div id='gallery-1' class='gallery galleryid-128330 gallery-columns-4 gallery-size-full'><figure class='gallery-item'>\n\t\t\t<div class='gallery-icon landscape'>\n\t\t\t\t<a href='https:\/\/archive.sana.sy\/es\/?attachment_id=128332'><img loading=\"lazy\" decoding=\"async\" width=\"300\" height=\"146\" src=\"https:\/\/archive.sana.sy\/es\/wp-content\/uploads\/2020\/01\/2-265-300x146-1.jpg\" class=\"attachment-full size-full\" alt=\"\" srcset=\"https:\/\/archive.sana.sy\/es\/wp-content\/uploads\/2020\/01\/2-265-300x146-1.jpg 300w, https:\/\/archive.sana.sy\/es\/wp-content\/uploads\/2020\/01\/2-265-300x146-1-150x73.jpg 150w\" sizes=\"(max-width: 300px) 100vw, 300px\" \/><\/a>\n\t\t\t<\/div><\/figure><figure class='gallery-item'>\n\t\t\t<div class='gallery-icon landscape'>\n\t\t\t\t<a href='https:\/\/archive.sana.sy\/es\/?attachment_id=128333'><img loading=\"lazy\" decoding=\"async\" width=\"300\" height=\"146\" src=\"https:\/\/archive.sana.sy\/es\/wp-content\/uploads\/2020\/01\/3-229-300x146-1.jpg\" class=\"attachment-full size-full\" alt=\"\" srcset=\"https:\/\/archive.sana.sy\/es\/wp-content\/uploads\/2020\/01\/3-229-300x146-1.jpg 300w, https:\/\/archive.sana.sy\/es\/wp-content\/uploads\/2020\/01\/3-229-300x146-1-150x73.jpg 150w\" sizes=\"(max-width: 300px) 100vw, 300px\" \/><\/a>\n\t\t\t<\/div><\/figure><figure class='gallery-item'>\n\t\t\t<div class='gallery-icon landscape'>\n\t\t\t\t<a href='https:\/\/archive.sana.sy\/es\/?attachment_id=128334'><img loading=\"lazy\" decoding=\"async\" width=\"150\" height=\"150\" src=\"https:\/\/archive.sana.sy\/es\/wp-content\/uploads\/2020\/01\/4-196-150x150-1.jpg\" class=\"attachment-full size-full\" alt=\"\" \/><\/a>\n\t\t\t<\/div><\/figure><figure class='gallery-item'>\n\t\t\t<div class='gallery-icon landscape'>\n\t\t\t\t<a href='https:\/\/archive.sana.sy\/es\/?attachment_id=128335'><img loading=\"lazy\" decoding=\"async\" width=\"150\" height=\"150\" src=\"https:\/\/archive.sana.sy\/es\/wp-content\/uploads\/2020\/01\/5-155-150x150-1.jpg\" class=\"attachment-full size-full\" alt=\"\" \/><\/a>\n\t\t\t<\/div><\/figure>\n\t\t<\/div>\n\n<p style=\"text-align: justify;\"><strong><span style=\"color: #0000ff;\">W.S\/F.M<\/span><\/strong><\/p>\n<\/div>\n<p style=\"text-align: justify;\">\n","protected":false},"excerpt":{"rendered":"<p>Hasakeh, SANA La ciudad de Hasakeh fue sede de la graduaci\u00f3n de un nuevo grupo de polic\u00edas destinados a engrosar las fuerzas de la seguridad interna en esa norte\u00f1a provincia siria. La ceremonia al afecto incluy\u00f3 desfiles y ejercicios militares y realizados por los graduados. \u201cLos graduados fueron entrenados en maniobras militares intensivas de polic\u00eda &hellip;<\/p>\n","protected":false},"author":35,"featured_media":128331,"comment_status":"closed","ping_status":"closed","sticky":false,"template":"","format":"standard","meta":{"footnotes":""},"categories":[597,476],"tags":[],"class_list":["post-128330","post","type-post","status-publish","format-standard","has-post-thumbnail","","category-cinta-de-noticias","category-locales"],"_links":{"self":[{"href":"https:\/\/archive.sana.sy\/es\/index.php?rest_route=\/wp\/v2\/posts\/128330"}],"collection":[{"href":"https:\/\/archive.sana.sy\/es\/index.php?rest_route=\/wp\/v2\/posts"}],"about":[{"href":"https:\/\/archive.sana.sy\/es\/index.php?rest_route=\/wp\/v2\/types\/post"}],"author":[{"embeddable":true,"href":"https:\/\/archive.sana.sy\/es\/index.php?rest_route=\/wp\/v2\/users\/35"}],"replies":[{"embeddable":true,"href":"https:\/\/archive.sana.sy\/es\/index.php?rest_route=%2Fwp%2Fv2%2Fcomments&post=128330"}],"version-history":[{"count":0,"href":"https:\/\/archive.sana.sy\/es\/index.php?rest_route=\/wp\/v2\/posts\/128330\/revisions"}],"wp:featuredmedia":[{"embeddable":true,"href":"https:\/\/archive.sana.sy\/es\/index.php?rest_route=\/wp\/v2\/media\/128331"}],"wp:attachment":[{"href":"https:\/\/archive.sana.sy\/es\/index.php?rest_route=%2Fwp%2Fv2%2Fmedia&parent=128330"}],"wp:term":[{"taxonomy":"category","embeddable":true,"href":"https:\/\/archive.sana.sy\/es\/index.php?rest_route=%2Fwp%2Fv2%2Fcategories&post=128330"},{"taxonomy":"post_tag","embeddable":true,"href":"https:\/\/archive.sana.sy\/es\/index.php?rest_route=%2Fwp%2Fv2%2Ftags&post=128330"}],"curies":[{"name":"wp","href":"https:\/\/api.w.org\/{rel}","templated":true}]}}