{"id":128338,"date":"2020-01-26T15:18:01","date_gmt":"2020-01-26T13:18:01","guid":{"rendered":"http:\/\/sana.sy\/es\/?p=128338"},"modified":"2023-01-09T14:08:26","modified_gmt":"2023-01-09T12:08:26","slug":"posponen-examenes-en-universidad-de-alepo","status":"publish","type":"post","link":"https:\/\/archive.sana.sy\/es\/?p=128338","title":{"rendered":"Posponen ex\u00e1menes en Universidad de Alepo"},"content":{"rendered":"<p style=\"text-align: justify;\"><strong><span style=\"color: #800000;\">Alepo, SANA<\/span><\/strong><\/p>\n<p style=\"text-align: justify;\">El rector de la Universidad de Alepo, Mustafa Afyouni, anunci\u00f3 hoy que los ex\u00e1menes fueron pospuestos hasta una fecha que ser\u00e1 informada posteriormente.<\/p>\n<p style=\"text-align: justify;\">\u201cLas pruebas pospuestos se presentar\u00e1n al final del primer semestre\u201d, dijo Afyouni en una declaraci\u00f3n al corresponsal de SANA.<\/p>\n<p style=\"text-align: justify;\">Dicha medida responde a la situaci\u00f3n creada por los continuados ataques terroristas a la ciudad 356 kil\u00f3metros al norte de Damasco.<\/p>\n<p style=\"text-align: justify;\"><span style=\"color: #0000ff;\"><strong>W.S\/F.M<\/strong><\/span><\/p>\n","protected":false},"excerpt":{"rendered":"<p>Alepo, SANA El rector de la Universidad de Alepo, Mustafa Afyouni, anunci\u00f3 hoy que los ex\u00e1menes fueron pospuestos hasta una fecha que ser\u00e1 informada posteriormente. \u201cLas pruebas pospuestos se presentar\u00e1n al final del primer semestre\u201d, dijo Afyouni en una declaraci\u00f3n al corresponsal de SANA. Dicha medida responde a la situaci\u00f3n creada por los continuados ataques &hellip;<\/p>\n","protected":false},"author":35,"featured_media":128340,"comment_status":"closed","ping_status":"closed","sticky":false,"template":"","format":"standard","meta":{"footnotes":""},"categories":[597,476],"tags":[],"class_list":["post-128338","post","type-post","status-publish","format-standard","has-post-thumbnail","","category-cinta-de-noticias","category-locales"],"_links":{"self":[{"href":"https:\/\/archive.sana.sy\/es\/index.php?rest_route=\/wp\/v2\/posts\/128338"}],"collection":[{"href":"https:\/\/archive.sana.sy\/es\/index.php?rest_route=\/wp\/v2\/posts"}],"about":[{"href":"https:\/\/archive.sana.sy\/es\/index.php?rest_route=\/wp\/v2\/types\/post"}],"author":[{"embeddable":true,"href":"https:\/\/archive.sana.sy\/es\/index.php?rest_route=\/wp\/v2\/users\/35"}],"replies":[{"embeddable":true,"href":"https:\/\/archive.sana.sy\/es\/index.php?rest_route=%2Fwp%2Fv2%2Fcomments&post=128338"}],"version-history":[{"count":0,"href":"https:\/\/archive.sana.sy\/es\/index.php?rest_route=\/wp\/v2\/posts\/128338\/revisions"}],"wp:featuredmedia":[{"embeddable":true,"href":"https:\/\/archive.sana.sy\/es\/index.php?rest_route=\/wp\/v2\/media\/128340"}],"wp:attachment":[{"href":"https:\/\/archive.sana.sy\/es\/index.php?rest_route=%2Fwp%2Fv2%2Fmedia&parent=128338"}],"wp:term":[{"taxonomy":"category","embeddable":true,"href":"https:\/\/archive.sana.sy\/es\/index.php?rest_route=%2Fwp%2Fv2%2Fcategories&post=128338"},{"taxonomy":"post_tag","embeddable":true,"href":"https:\/\/archive.sana.sy\/es\/index.php?rest_route=%2Fwp%2Fv2%2Ftags&post=128338"}],"curies":[{"name":"wp","href":"https:\/\/api.w.org\/{rel}","templated":true}]}}