{"id":128384,"date":"2020-01-26T18:52:38","date_gmt":"2020-01-26T16:52:38","guid":{"rendered":"http:\/\/sana.sy\/es\/?p=128384"},"modified":"2023-01-10T14:34:27","modified_gmt":"2023-01-10T12:34:27","slug":"ocho-martires-en-atentado-con-coche-bomba-en-la-ciudad-de-azaz-al-norte-de-alepo","status":"publish","type":"post","link":"https:\/\/archive.sana.sy\/es\/?p=128384","title":{"rendered":"Ocho m\u00e1rtires en atentado con coche bomba en la ciudad de Azaz al norte de Alepo"},"content":{"rendered":"<p style=\"text-align: justify;\"><span style=\"color: #800000;\"><strong>Alepo, SANA<\/strong><\/span><\/p>\n<p style=\"text-align: justify;\">Ocho civiles perdieron la vida y otros 20 resultaron heridos en la explosi\u00f3n de un coche bomba en la ciudad de Azaz, en el norte de la provincia de Alepo.<\/p>\n<p style=\"text-align: justify;\">En la mencionada ciudad se despliegan grupos terroristas apoyados por las fuerzas de ocupaci\u00f3n turcas.<\/p>\n<p style=\"text-align: justify;\">Seg\u00fan fuentes locales, un coche bomba explot\u00f3 frente a un restaurante y una estaci\u00f3n de combustible lo que caus\u00f3 la muerte de ocho civiles e hiri\u00f3 a otros 20.<\/p>\n<p style=\"text-align: justify;\">Agregaron que hubo da\u00f1os materiales en los hogares y propiedades en las cercan\u00edas de la explosi\u00f3n.<\/p>\n<p style=\"text-align: justify;\">Prevalece el caos y la inseguridad en las zonas con presencia de grupos terroristas apadrinados por el r\u00e9gimen turco.<\/p>\n<p style=\"text-align: justify;\"><span style=\"color: #0000ff;\"><strong>F.M<\/strong><\/span><\/p>\n","protected":false},"excerpt":{"rendered":"<p>Alepo, SANA Ocho civiles perdieron la vida y otros 20 resultaron heridos en la explosi\u00f3n de un coche bomba en la ciudad de Azaz, en el norte de la provincia de Alepo. En la mencionada ciudad se despliegan grupos terroristas apoyados por las fuerzas de ocupaci\u00f3n turcas. Seg\u00fan fuentes locales, un coche bomba explot\u00f3 frente &hellip;<\/p>\n","protected":false},"author":34,"featured_media":128385,"comment_status":"closed","ping_status":"closed","sticky":false,"template":"","format":"standard","meta":{"footnotes":""},"categories":[447,597,573,476,7541],"tags":[],"class_list":["post-128384","post","type-post","status-publish","format-standard","has-post-thumbnail","","category-local-politica","category-cinta-de-noticias","category-la-realidad-de-los-acontecimientos-en-siria","category-locales","category-ultimas-noticias"],"_links":{"self":[{"href":"https:\/\/archive.sana.sy\/es\/index.php?rest_route=\/wp\/v2\/posts\/128384"}],"collection":[{"href":"https:\/\/archive.sana.sy\/es\/index.php?rest_route=\/wp\/v2\/posts"}],"about":[{"href":"https:\/\/archive.sana.sy\/es\/index.php?rest_route=\/wp\/v2\/types\/post"}],"author":[{"embeddable":true,"href":"https:\/\/archive.sana.sy\/es\/index.php?rest_route=\/wp\/v2\/users\/34"}],"replies":[{"embeddable":true,"href":"https:\/\/archive.sana.sy\/es\/index.php?rest_route=%2Fwp%2Fv2%2Fcomments&post=128384"}],"version-history":[{"count":0,"href":"https:\/\/archive.sana.sy\/es\/index.php?rest_route=\/wp\/v2\/posts\/128384\/revisions"}],"wp:featuredmedia":[{"embeddable":true,"href":"https:\/\/archive.sana.sy\/es\/index.php?rest_route=\/wp\/v2\/media\/128385"}],"wp:attachment":[{"href":"https:\/\/archive.sana.sy\/es\/index.php?rest_route=%2Fwp%2Fv2%2Fmedia&parent=128384"}],"wp:term":[{"taxonomy":"category","embeddable":true,"href":"https:\/\/archive.sana.sy\/es\/index.php?rest_route=%2Fwp%2Fv2%2Fcategories&post=128384"},{"taxonomy":"post_tag","embeddable":true,"href":"https:\/\/archive.sana.sy\/es\/index.php?rest_route=%2Fwp%2Fv2%2Ftags&post=128384"}],"curies":[{"name":"wp","href":"https:\/\/api.w.org\/{rel}","templated":true}]}}