{"id":128421,"date":"2020-01-27T21:38:09","date_gmt":"2020-01-27T19:38:09","guid":{"rendered":"http:\/\/sana.sy\/es\/?p=128421"},"modified":"2020-01-27T21:44:11","modified_gmt":"2020-01-27T19:44:11","slug":"fuente-militar-los-terroristas-preparan-la-fabricacion-de-un-ataque-quimico-en-alepo-e-idleb-para-acusar-al-ejercito-sirio","status":"publish","type":"post","link":"https:\/\/archive.sana.sy\/es\/?p=128421","title":{"rendered":"Fuente militar: los terroristas preparan la fabricaci\u00f3n de un ataque qu\u00edmico en Alepo e Idleb para acusar al ej\u00e9rcito sirio"},"content":{"rendered":"<div>\n<p style=\"text-align: justify;\"><strong><span style=\"color: #800000;\">Damasco, SANA<\/span><\/strong><\/p>\n<p style=\"text-align: justify;\">Una fuente militar anunci\u00f3 que las organizaciones terroristas est\u00e1n trabajando actualmente con apoyo de Turqu\u00eda para fabricar un presunto ataque qu\u00edmico al oeste de Alepo y en Idleb para acusar al ej\u00e9rcito sirio y presionarlo a detener sus operaciones en esas \u00e1reas.<\/p>\n<p style=\"text-align: justify;\">&#8220;El ej\u00e9rcito \u00e1rabe sirio avanza en sus batallas para liberar el territorio del terrorismo y proteger a los civiles, y actualmente las organizaciones terroristas est\u00e1n trabajando, como lo hicieron en anteriores ocasiones,\u00a0\u00a0con el apoyo de Turqu\u00eda, para fabricar un presunto ataque qu\u00edmico en el oeste de Alepo e en Idleb para acusar al ej\u00e9rcito sirio y presionarlo a detener sus operaciones&#8221;, afirm\u00f3 la fuente.<\/p>\n<p style=\"text-align: justify;\">Asegur\u00f3 que estos &#8220;trucos&#8221; y &#8220;fabricaciones&#8221; que suelen repetir los terroristas se han consumido y ya no enga\u00f1an a nadie.<\/p>\n<p style=\"text-align: justify;\">&#8220;Eso no detendr\u00e1 las operaciones militares que continuar\u00e1n hasta que todas las tierras sirias sean liberadas por completo del terrorismo&#8221;, acot\u00f3.<\/p>\n<p style=\"text-align: justify;\">Concluy\u00f3 con reiterar que el ej\u00e9rcito sirio no usa armas qu\u00edmicas ni la posee ya.<\/p>\n<p style=\"text-align: justify;\">Fuentes locales hab\u00edan informado hoy que los terroristas proturcos comenzaron preparativos para llevar a cabo un ataque qu\u00edmico contra los civiles al oeste de Alepo.<\/p>\n<p style=\"text-align: justify;\">Seg\u00fan las fuentes, el ataque ser\u00e1 utilizado ante las organizaciones internacionales para detener el colapso de los terroristas ante el avance.<\/p>\n<p style=\"text-align: justify;\"><span style=\"color: #0000ff;\"><strong>F.M\/W.S<\/strong><\/span><\/p>\n<\/div>\n<p style=\"text-align: justify;\">\n","protected":false},"excerpt":{"rendered":"<p>Damasco, SANA Una fuente militar anunci\u00f3 que las organizaciones terroristas est\u00e1n trabajando actualmente con apoyo de Turqu\u00eda para fabricar un presunto ataque qu\u00edmico al oeste de Alepo y en Idleb para acusar al ej\u00e9rcito sirio y presionarlo a detener sus operaciones en esas \u00e1reas. &#8220;El ej\u00e9rcito \u00e1rabe sirio avanza en sus batallas para liberar el &hellip;<\/p>\n","protected":false},"author":35,"featured_media":128422,"comment_status":"closed","ping_status":"closed","sticky":false,"template":"","format":"standard","meta":{"footnotes":""},"categories":[597,573,476,7541],"tags":[],"class_list":["post-128421","post","type-post","status-publish","format-standard","has-post-thumbnail","","category-cinta-de-noticias","category-la-realidad-de-los-acontecimientos-en-siria","category-locales","category-ultimas-noticias"],"_links":{"self":[{"href":"https:\/\/archive.sana.sy\/es\/index.php?rest_route=\/wp\/v2\/posts\/128421"}],"collection":[{"href":"https:\/\/archive.sana.sy\/es\/index.php?rest_route=\/wp\/v2\/posts"}],"about":[{"href":"https:\/\/archive.sana.sy\/es\/index.php?rest_route=\/wp\/v2\/types\/post"}],"author":[{"embeddable":true,"href":"https:\/\/archive.sana.sy\/es\/index.php?rest_route=\/wp\/v2\/users\/35"}],"replies":[{"embeddable":true,"href":"https:\/\/archive.sana.sy\/es\/index.php?rest_route=%2Fwp%2Fv2%2Fcomments&post=128421"}],"version-history":[{"count":0,"href":"https:\/\/archive.sana.sy\/es\/index.php?rest_route=\/wp\/v2\/posts\/128421\/revisions"}],"wp:featuredmedia":[{"embeddable":true,"href":"https:\/\/archive.sana.sy\/es\/index.php?rest_route=\/wp\/v2\/media\/128422"}],"wp:attachment":[{"href":"https:\/\/archive.sana.sy\/es\/index.php?rest_route=%2Fwp%2Fv2%2Fmedia&parent=128421"}],"wp:term":[{"taxonomy":"category","embeddable":true,"href":"https:\/\/archive.sana.sy\/es\/index.php?rest_route=%2Fwp%2Fv2%2Fcategories&post=128421"},{"taxonomy":"post_tag","embeddable":true,"href":"https:\/\/archive.sana.sy\/es\/index.php?rest_route=%2Fwp%2Fv2%2Ftags&post=128421"}],"curies":[{"name":"wp","href":"https:\/\/api.w.org\/{rel}","templated":true}]}}