{"id":128430,"date":"2020-01-27T13:49:13","date_gmt":"2020-01-27T11:49:13","guid":{"rendered":"http:\/\/sana.sy\/es\/?p=128430"},"modified":"2023-01-10T15:09:49","modified_gmt":"2023-01-10T13:09:49","slug":"resumen-de-las-mas-recientes-noticias-economicas-de-siria","status":"publish","type":"post","link":"https:\/\/archive.sana.sy\/es\/?p=128430","title":{"rendered":"Resumen de las m\u00e1s recientes noticias econ\u00f3micas de Siria"},"content":{"rendered":"<div>\n<p style=\"text-align: justify;\"><strong><span style=\"color: #800000;\"><span lang=\"ES-TRAD\">Provincias, SANA<\/span><\/span><\/strong><\/p>\n<p style=\"text-align: justify;\"><b><span lang=\"ES-TRAD\">\u00a0<\/span><\/b><b><span lang=\"ES-TRAD\">La semana reci\u00e9n concluida presenci\u00f3 importantes pasos hacia la recuperaci\u00f3n econ\u00f3mica y en otros campos de Siria de la guerra impuesta.<\/span><\/b><\/p>\n<p style=\"text-align: justify;\"><b><span lang=\"ES-TRAD\">\u00a0<\/span><\/b><b><span lang=\"ES-TRAD\">A continuaci\u00f3n, les ofrecemos un resumen de las noticias m\u00e1s importantes al respecto:<\/span><\/b><\/p>\n<p style=\"text-align: justify;\"><strong><span style=\"color: #0000ff;\">Gobierno e industriales aprueban estrategia de acci\u00f3n para impulsar el sector industrial<\/span><\/strong><\/p>\n<p style=\"text-align: justify;\">El equipo econ\u00f3mico gubernamental y los industriales de las diferentes provincias formularon una estrategia de trabajo para estimular el sector industrial con todos sus componentes durante la pr\u00f3xima etapa.<\/p>\n<p style=\"text-align: justify;\">Durante una reuni\u00f3n que cont\u00f3 con la presencia del primer ministro Imad Khamis, se tom\u00f3 la decisi\u00f3n de preparar un mapa industrial para cada gobernaci\u00f3n e identificar las instalaciones da\u00f1adas o paradas con el fin de apoyarlas para que vuelvan a producir, y llegar a alentar y estimular las industrias destinadas a la exportaci\u00f3n.<\/p>\n<p style=\"text-align: justify;\">En la reuni\u00f3n, se abord\u00f3 la implementaci\u00f3n del plan encaminado a reemplazar los productos importados por otros nacionales con el fin de lograr el principio de autosuficiencia y consolidar la firmeza de los ciudadanos ante el bloqueo econ\u00f3mico.<\/p>\n<p style=\"text-align: justify;\">Asimismo, se form\u00f3 una &#8220;sala de operaciones&#8221; conformada por diferentes instituciones gubernamentales y la Federaci\u00f3n de C\u00e1maras de Industria para contribuir a combatir el contrabando.<\/p>\n<p style=\"text-align: justify;\">Khamis dijo durante la reuni\u00f3n, que el Gobierno asign\u00f3 una suma de 20 mil millones de libras (40 millones de USD) para ofrecer pr\u00e9stamos encaminados a apoyar la producci\u00f3n industrial.<\/p>\n<p style=\"text-align: justify;\"><span style=\"color: #0000ff;\"><b><u>Ghanem: hubo 271 ataques contra instalaciones petroleras sirias durante el \u00faltimo per\u00edodo<\/u><\/b><\/span><\/p>\n<p style=\"text-align: justify;\">El ministro de Petr\u00f3leo y Recursos Minerales, Ali Ghanem, explic\u00f3 ante el Parlamento las dificultades que impiden garantizar los derivados del petr\u00f3leo a consecuencia del bloqueo, las medidas coercitivas unilaterales impuestas a Siria, adem\u00e1s de los repetidos ataques terroristas contra los yacimientos, instalaciones petroleras, gasoductos y oleoductos, y que ascendieron a 271 ataques durante el \u00faltimo per\u00edodo.<\/p>\n<p style=\"text-align: justify;\">\u201cUnos 47 pozos de gas y 80 de petr\u00f3leo entraron en fase de producci\u00f3n a pesar de los desaf\u00edos generados por los ataques terroristas\u201d, dijo Ghanem.<\/p>\n<p style=\"text-align: justify;\">Indic\u00f3 que la rehabilitaci\u00f3n de las instalaciones petroleras se efect\u00faa mediante la dependencia de las capacidades propias y se lograron\u00a0 ahorros significativos de casi 574 millones de USD.<\/p>\n<p style=\"text-align: justify;\">El ministro Ghanem dijo que el plan de emergencia del ministerio consiste en rehabilitar las instalaciones da\u00f1adas y se implement\u00f3 en un 90 por ciento, mientras que el plan a largo plazo incluye la restauraci\u00f3n de las instalaciones.<\/p>\n<p style=\"text-align: justify;\">El ministro Ghanem se\u00f1al\u00f3 que durante el a\u00f1o en curso, la mina de sal de Tebnah y las cinco plantas de fosfato ser\u00e1n rehabilitadas en los pr\u00f3ximos seis meses.<\/p>\n<p style=\"text-align: justify;\"><span style=\"color: #0000ff;\"><b><u>Siria e Ir\u00e1n firman nota para la cooperaci\u00f3n en la reconstrucci\u00f3n de escuelas<\/u><\/b><\/span><\/p>\n<p style=\"text-align: justify;\">Los ministerios de educaci\u00f3n de Siria e Ir\u00e1n firmaron un memorando de entendimiento para el intercambio de experiencias en el campo educativo y la restauraci\u00f3n de escuelas.<\/p>\n<p style=\"text-align: justify;\">Tras la r\u00fabrica de la nota, el ministro de Educaci\u00f3n, Emad Muafak Al-Azeb, declar\u00f3 que la misma es un paso en la direcci\u00f3n correcta para calificar y desarrollar las capacidades de los docentes, intercambiar experiencias y contribuir a la restauraci\u00f3n de las escuelas, adem\u00e1s de apoyar el proceso educativo de los dos pa\u00edses.<\/p>\n<p style=\"text-align: justify;\">En una declaraci\u00f3n similar, el ministro de Educaci\u00f3n iran\u00ed, Mohsen Haji Mirzai, destac\u00f3 la importancia de fortalecer la cooperaci\u00f3n entre los dos pa\u00edses en los campos acad\u00e9mico y educativo, y esper\u00f3 que las cl\u00e1usulas del memorando entren en vigencia lo antes posible.<\/p>\n<p style=\"text-align: justify;\">Mirzai se\u00f1al\u00f3 la importancia de incluir el idioma persa en el sistema educativo en Siria para profundizar y consolidar los aspectos de cooperaci\u00f3n conjunta.<\/p>\n<p style=\"text-align: justify;\"><span style=\"color: #0000ff;\"><b><u>Compa\u00f1\u00eda a\u00e9rea siria Cham Wings participa en Fitur 2020<\/u><\/b><\/span><\/p>\n<p style=\"text-align: justify;\">La compa\u00f1\u00eda privada siria \u201cCham Wings\u201d participa en la Feria Internacional de Turismo &#8220;FITUR 2020&#8221;, en Madrid.<\/p>\n<p style=\"text-align: justify;\">La entidad dispone de una secci\u00f3n dentro del pabell\u00f3n del ministerio de Turismo en este evento que durar\u00e1 del 22 al 26 de este mes.<\/p>\n<p style=\"text-align: justify;\">Seg\u00fan una nota de Cham Wings, la participaci\u00f3n reafirma la presencia de Siria en todos los foros internacionales y actividades tur\u00edsticas locales e internacionales para mantener la presencia de Siria en el mapa tur\u00edstico mundial.<\/p>\n<p style=\"text-align: justify;\">Ghiath al-Farah, el viceministro de Turismo y jefe de la delegaci\u00f3n siria participante en el evento, dijo en una entrevista con la televisi\u00f3n oficial espa\u00f1ola, que \u201cla participaci\u00f3n siria es un mensaje del pueblo sirio a todos los pa\u00edses del mundo de que la guerra emprendida en 2011 y destruy\u00f3 la infraestructura, incluida la del sector tur\u00edstico, est\u00e1 llegando a su fin\u201d.<\/p>\n<p style=\"text-align: justify;\">Llam\u00f3 a todas las instituciones econ\u00f3micas espa\u00f1olas y a los inversores y agencias de turismo locales e internacionales a visitar Siria para conocer la realidad del turismo y la inversi\u00f3n, especialmente en la fase de reconstrucci\u00f3n.<\/p>\n<p style=\"text-align: justify;\">Por su parte, Naela Shahoud, Directora de Turismo de Alepo, afirm\u00f3 que la participaci\u00f3n en FITUR 2020 es un mensaje de amor y paz al mundo desde la cuna de las civilizaciones y la paz al mundo.<\/p>\n<p style=\"text-align: justify;\"><span style=\"color: #0000ff;\"><b><u>Ministerio de Electricidad comienza instalaci\u00f3n de l\u00ednea el\u00e9ctrica de m\u00e1s de 60 km en las zonas liberadas en Idleb<\/u><\/b><\/span><\/p>\n<p style=\"text-align: justify;\">El ministro de Electricidad, Muhammad Zuhair Kharbutli, explic\u00f3 ante el Parlamento la actual y pr\u00f3xima estrategia de su entidad que incluye varios proyectos, entre ellos la finalizaci\u00f3n de la ampliaci\u00f3n de las centrales el\u00e9ctricas de Deir Ali y Tishreen cerca de Damasco y la central de Latakia.<\/p>\n<p style=\"text-align: justify;\">Seg\u00fan Kharbutli, el ministerio est\u00e1 comprometido con la implementaci\u00f3n de la estrategia de energ\u00eda renovable y llegar a generar 1500 megavatios hasta el a\u00f1o 2030.<\/p>\n<p style=\"text-align: justify;\">Subray\u00f3 que el Ministerio se empe\u00f1a para hacer llegar la electricidad a todas las localidades liberadas de la provincia de Alepo, y explic\u00f3 que se est\u00e1 trabajando actualmente para rehabilitar la l\u00ednea de 400 Kilovatios cuya longitud es de 153 km, adem\u00e1s de otra l\u00ednea de 20 a 25 km en \u00e1reas en la l\u00ednea del frente con los grupos terroristas.<\/p>\n<p style=\"text-align: justify;\">\u201cSe prepar\u00f3 un plan para restablecer la electricidad en los barrios orientales de la ciudad de Alepo\u201d, agreg\u00f3.<\/p>\n<p style=\"text-align: justify;\">El titular sirio destac\u00f3 que se pondr\u00e1 en marcha la construcci\u00f3n de l\u00ednea el\u00e9ctrica de m\u00e1s de 60 km de longitud en las zonas liberadas de Idleb, la cual ser\u00e1 alimentada desde la planta Srur en Hama, as\u00ed como enviar\u00e1 todos los transformadores el\u00e9ctricos y equipos necesarios para la rehabilitaci\u00f3n de la red el\u00e9ctrica en la provincia de Raqa.<\/p>\n<p style=\"text-align: justify;\"><span style=\"color: #0000ff;\"><b><u>&#8220;Todo por una libra&#8221;, iniciativa para apoyar la moneda nacional<\/u><\/b><\/span><\/p>\n<p style=\"text-align: justify;\">Decenas de compa\u00f1\u00edas industriales nacionales participan en la iniciativa &#8220;Todo por una Libra&#8221; que fue lanzada en la ciudad deportiva al-Jalaa de esta capital.<\/p>\n<p style=\"text-align: justify;\">La campa\u00f1a de vender cualquier producto al precio de una sola libra tiene el fin de consolidar la confianza en la moneda nacional, siendo un s\u00edmbolo de la soberan\u00eda.<\/p>\n<p style=\"text-align: justify;\">En el primer d\u00eda, se vendieron una variedad de productos alimenticios, detergentes, ropas, recipientes de pl\u00e1stico, entre otros productos.<\/p>\n<p style=\"text-align: justify;\">El presidente de la C\u00e1mara de Comercio de Damasco, Mohammad Akram Al-Halaq declar\u00f3 que la iniciativa parte de la responsabilidad social de la C\u00e1mara y las empresas nacionales.<\/p>\n<p style=\"text-align: justify;\">&#8220;La iniciativa tiene como objetivo reforzar la confianza en la libra siria y dirigir un mensaje a las fuerzas que intentan golpear la econom\u00eda siria&#8221;, indic\u00f3.<\/p>\n<p style=\"text-align: justify;\">Varios participantes en la iniciativa afirmaron que el objetivo es apoyar la moneda nacional y transmitir un mensaje al mundo que el pueblo sirio permanecer\u00e1 unido sea lo que sean las circunstancias.<\/p>\n<p style=\"text-align: justify;\"><span style=\"color: #0000ff;\"><b><u>M\u00e9dicos de Deraa participan en campa\u00f1a de apoyar la moneda nacional y realizan 80 cirug\u00edas<\/u><\/b><\/span><\/p>\n<p style=\"text-align: justify;\">Como parte de la campa\u00f1a &#8220;nuestra libra es nuestro orgullo&#8221; para apoyar la moneda siria, unos 16 m\u00e9dicos de la provincia sure\u00f1a de Deraa, realizaron en los \u00faltimos dos d\u00edas m\u00e1s 80 cirug\u00edas, cobrando una sola libra sirias por cada operaci\u00f3n.<\/p>\n<p style=\"text-align: justify;\">Younis al-Halawat, el director de uno de los hospitales privados en Deraa, declar\u00f3 a SANA que su instituci\u00f3n m\u00e9dica abri\u00f3 sus puertas para efectuar operaciones quir\u00fargicas a los ciudadanos al precio simb\u00f3lico de una libra por cada operaci\u00f3n.<\/p>\n<p style=\"text-align: justify;\">\u201cUnos 16 m\u00e9dicos mostraron su disposici\u00f3n de realizar cirug\u00edas a los ciudadanos de forma gratuita para ayudarles a hacer frente a las dif\u00edciles condiciones generadas por las injustas medidas econ\u00f3micas impuestas al pueblo sirio\u201d, dijo al-Halawat.<\/p>\n<p style=\"text-align: justify;\">Los d\u00edas martes y mi\u00e9rcoles de la semana en curso, los m\u00e9dicos participantes en la iniciativa realizaron alrededor de 80 cirug\u00edas en diversas disciplinas, ahorrando a los pacientes el costo de realizarlas.<\/p>\n<p style=\"text-align: justify;\">Decenas de empresas, asociaciones e instituciones comerciales, m\u00e9dicas, sociales y de otra \u00edndole, se unieron a la campa\u00f1a en Deraa y otras provincias con el fin de apoyar la econom\u00eda nacional y ayudar a los ciudadanos a superar las secuelas del bloqueo y la guerra.<\/p>\n<p style=\"text-align: justify;\"><span style=\"color: #0000ff;\"><b><u>Las tasas de desnutrici\u00f3n entre ni\u00f1os y mujeres en Siria est\u00e1n dentro de las normas mundiales<\/u><\/b><\/span><\/p>\n<p style=\"text-align: justify;\">El ministerio de Salud dio a conocer hoy en un evento organizado en esta capital, los resultados de un estudio sobre el estado nutricional de los ni\u00f1os y las mujeres en edad reproductiva, el cual fue llevado a cabo el a\u00f1o pasado en cooperaci\u00f3n con el Fondo de las Naciones Unidas para la Infancia (UNICEF).<\/p>\n<p style=\"text-align: justify;\">El estudio abarc\u00f3 a ocho mil 100 familias, incluidos siete mil 831 ni\u00f1os menores de cinco a\u00f1os y ocho mil 900 mujeres en edad reproductiva (de 15-45 a\u00f1os), de 13 gobernaciones.<\/p>\n<p style=\"text-align: justify;\">El estudio mostr\u00f3 que los casos de desnutrici\u00f3n entre esta categor\u00eda de ni\u00f1os y mujeres est\u00e1n dentro de las normas mundiales.<\/p>\n<p style=\"text-align: justify;\">\u201cLa tasa de desnutrici\u00f3n general entre los ni\u00f1os menores de cinco a\u00f1os es del 1.7 por ciento, y es una tasa tranquilizadora ya que el indicador global que alerta sobre la desnutrici\u00f3n infantil es por encima del 2 por ciento\u201d, precis\u00f3 el estudio.<\/p>\n<p style=\"text-align: justify;\">Agreg\u00f3 que el porcentaje de desnutrici\u00f3n entre las mujeres en edad f\u00e9rtil lleg\u00f3 al 4 por ciento, una tasa que no se considera peligrosa.<\/p>\n<p style=\"text-align: justify;\">El viceministro de Salud, Ahmed Khleifaoui, coment\u00f3 que esta encuesta se realiz\u00f3 durante los meses de marzo y abril del a\u00f1o pasado a trav\u00e9s de 56 equipos en varias provincias.<\/p>\n<p style=\"text-align: justify;\">Por su parte, el Representante Adjunto de la UNICEF en Siria, dijo que las tasas de desnutrici\u00f3n en esta encuesta son \u201cmuy bajas\u201d seg\u00fan la clasificaci\u00f3n de la Organizaci\u00f3n Mundial de la Salud, atribuyendo este logro a las respuestas de nutrici\u00f3n preventiva y curativa implementadas a gran escala por el Ministerio de Salud de Siria en coordinaci\u00f3n con sus socios locales e internacionales y entidades de la ONU.<\/p>\n<p style=\"text-align: justify;\"><span style=\"color: #0000ff;\"><b><u>Provincia siria de Homs 75 mil toneladas de aceitunas<\/u><\/b><\/span><\/p>\n<p style=\"text-align: justify;\">La producci\u00f3n de aceitunas de la provincia de Homs en el centro del pa\u00eds, para la temporada 2019, aument\u00f3 en aproximadamente 14 mil toneladas con respecto al 2018, ya que las cantidades de aceitunas cultivadas ascendieron a aproximadamente 75 mil toneladas.<\/p>\n<p style=\"text-align: justify;\">Nazih Al-Rifai, director de agricultura en Homs, explic\u00f3 que las \u00e1reas cultivadas con olivo ascienden a 963 km cuadrados y el n\u00famero de \u00e1rboles supera los 15 millones, de los cuales hay m\u00e1s de 10 millones fruct\u00edferos.<\/p>\n<p style=\"text-align: justify;\">Los agricultores atribuyen este aumento en la producci\u00f3n a las condiciones clim\u00e1ticas apropiadas y la ausencia de enfermedades y plagas, especialmente el gusano del olivo que se extendi\u00f3 ampliamente durante la temporada 2018.<\/p>\n<p style=\"text-align: justify;\">Los propietarios de las almazaras aseguran que la producci\u00f3n de esta temporada fue mucho mejor que el a\u00f1o anterior en t\u00e9rminos de la cantidad de aceituna entregada a sus instalaciones.<\/p>\n<p style=\"text-align: justify;\">Sobre las demandas de los agricultores de encontrar mercados para vender el exceso de acierte producido, Muwaffaq Zakaria, jefe de la Oficina de Comercializaci\u00f3n en la Uni\u00f3n General de Campesinos en Homs, se\u00f1al\u00f3 que se envi\u00f3 un nota para exportar la cantidad excedente del consumo local en la gobernaci\u00f3n.<\/p>\n<p style=\"text-align: justify;\"><span style=\"color: #0000ff;\"><b><u>M\u00e1s de un centenar de instalaciones industriales comienzan a producir en Deraa<\/u><\/b><\/span><\/p>\n<p style=\"text-align: justify;\">Unas 137 instalaciones industriales y artesanales entraron en funcionamiento durante el 2019 en la provincia de Deraa, 101 km al sur de Damasco, seg\u00fan inform\u00f3 Abdel Wahid Awad, director de Industria de esa gobernaci\u00f3n sure\u00f1a.<\/p>\n<p style=\"text-align: justify;\">Precis\u00f3 en una declaraci\u00f3n al Bolet\u00edn Econ\u00f3mico de SANA, que el n\u00famero de instalaciones artesanales implementadas en el a\u00f1o 2019 ascendi\u00f3 a 59 cuyo capital se estima en 1.3 mil millones de libras (equivalente a tres millones de USD), las cuales garantizaron 150 trabajos.<\/p>\n<p style=\"text-align: justify;\">Agreg\u00f3 que el n\u00famero de establecimientos industriales ejecutados en el mismo a\u00f1o lleg\u00f3 a 78 con un capital de 4.5 mil millones de libras (8 millones de USD) que ofrecieron 346 oportunidades de trabajo.<\/p>\n<p style=\"text-align: justify;\">\u201cEl crecimiento del sector industrial y artesanal en Deraa se debe a las facilidades otorgadas por las entidades gubernamentales\u201d, afirm\u00f3 Awad.<\/p>\n<p style=\"text-align: justify;\">En el a\u00f1o pasado, indic\u00f3, unos 219 proyectos industriales fueron autorizados con un capital de 10.4 mil millones de libras (equivalente A 23 millones de USD), y generaron 960 puestos de trabajo.<\/p>\n<p style=\"text-align: justify;\"><span style=\"color: #0000ff;\"><b><u>Avanza restablecimiento del servicio de electricidad en Quneitra y Deir Ezzor<\/u><\/b><\/span><\/p>\n<p style=\"text-align: justify;\">La Compa\u00f1\u00eda de Electricidad instal\u00f3 184 transformadores el\u00e9ctricos de distintas capacidades en las ciudades y pueblos afectados por el terrorismo en la provincia de Quneitra, 67 km al sudoeste de Damasco.<\/p>\n<p style=\"text-align: justify;\">El gerente de la empresa, Bassam Al-Masry, indic\u00f3 a SANA que poner a estos centros en servicio alimentar\u00e1 aproximadamente a un 90% de los pueblos y ciudades de la provincia.<\/p>\n<p style=\"text-align: justify;\">Detall\u00f3 que se completar\u00e1 la reparaci\u00f3n de las l\u00edneas el\u00e9ctricas de mediana y baja tensi\u00f3n en los pueblos y aldeas peque\u00f1os durante el pr\u00f3ximo per\u00edodo.<\/p>\n<p style=\"text-align: justify;\">Asimismo, fueron instalados 435 transformadores el\u00e9ctricos en la provincia de Deir Ezzor, 432 km al nordeste de la capital Damasco.<\/p>\n<p style=\"text-align: justify;\">El gerente de la Empresa Estatal de Electricidad, Khaled Lotfy, declar\u00f3 a SANA que el sistema el\u00e9ctrico en la ciudad de Deir Ezzor se restableci\u00f3 en un 100%.<\/p>\n<p style=\"text-align: justify;\"><span style=\"color: #0000ff;\"><b><u>M\u00e1s de 17 mil familias se benefician de la ayuda alimentaria en el sur de Hasakeh<\/u><\/b><\/span><\/p>\n<p style=\"text-align: justify;\">Unas 17 mil 400 familias en el sur de la provincia de Hasakeh, ubicada a 595 km al nordeste de la capital de Damasco, se beneficiaron de la ayuda alimentaria y de otra \u00edndole, otorgada por la Unidad de Gesti\u00f3n de Desastres en la sucursal de la Media Luna Roja Siria (MLRS).<\/p>\n<p style=\"text-align: justify;\">Ammar al-Deire, encargado en la Secci\u00f3n de Socorro en la MLRS, dijo a SANA, que la ayuda fue destinada a las familias en 60 localidades y aglomeraciones en las zonas de Markadah\u00a0 y Shaddadi.<\/p>\n<p style=\"text-align: justify;\">\u201cLa asistencia distribuida fue otorgada por la Comit\u00e9 Internacional de\u00a0 Cruz Roja, la Federaci\u00f3n Internacional de Sociedades de la Cruz Roja y la Media Luna Roja Siria, e incluy\u00f3 canastas alimentarias y sanitarias, comida enlatada y ropa de ni\u00f1os\u201d, precis\u00f3.<\/p>\n<p style=\"text-align: justify;\">Agreg\u00f3 que la MLRS ampliar\u00e1 su ayuda en los pr\u00f3ximos d\u00edas para abarcar las familias necesitadas en la zona de al-Arisha, en la misma provincia.<\/p>\n<p style=\"text-align: justify;\"><strong><span style=\"color: #0000ff;\">F.M\/W.S<\/span><\/strong><\/p>\n<\/div>\n<p style=\"text-align: justify;\">\n","protected":false},"excerpt":{"rendered":"<p>Provincias, SANA \u00a0La semana reci\u00e9n concluida presenci\u00f3 importantes pasos hacia la recuperaci\u00f3n econ\u00f3mica y en otros campos de Siria de la guerra impuesta. \u00a0A continuaci\u00f3n, les ofrecemos un resumen de las noticias m\u00e1s importantes al respecto: Gobierno e industriales aprueban estrategia de acci\u00f3n para impulsar el sector industrial El equipo econ\u00f3mico gubernamental y los industriales &hellip;<\/p>\n","protected":false},"author":35,"featured_media":128431,"comment_status":"closed","ping_status":"closed","sticky":false,"template":"","format":"standard","meta":{"footnotes":""},"categories":[597,485,7541],"tags":[],"class_list":["post-128430","post","type-post","status-publish","format-standard","has-post-thumbnail","","category-cinta-de-noticias","category-informes-negocios-y-finanzas","category-ultimas-noticias"],"_links":{"self":[{"href":"https:\/\/archive.sana.sy\/es\/index.php?rest_route=\/wp\/v2\/posts\/128430"}],"collection":[{"href":"https:\/\/archive.sana.sy\/es\/index.php?rest_route=\/wp\/v2\/posts"}],"about":[{"href":"https:\/\/archive.sana.sy\/es\/index.php?rest_route=\/wp\/v2\/types\/post"}],"author":[{"embeddable":true,"href":"https:\/\/archive.sana.sy\/es\/index.php?rest_route=\/wp\/v2\/users\/35"}],"replies":[{"embeddable":true,"href":"https:\/\/archive.sana.sy\/es\/index.php?rest_route=%2Fwp%2Fv2%2Fcomments&post=128430"}],"version-history":[{"count":0,"href":"https:\/\/archive.sana.sy\/es\/index.php?rest_route=\/wp\/v2\/posts\/128430\/revisions"}],"wp:featuredmedia":[{"embeddable":true,"href":"https:\/\/archive.sana.sy\/es\/index.php?rest_route=\/wp\/v2\/media\/128431"}],"wp:attachment":[{"href":"https:\/\/archive.sana.sy\/es\/index.php?rest_route=%2Fwp%2Fv2%2Fmedia&parent=128430"}],"wp:term":[{"taxonomy":"category","embeddable":true,"href":"https:\/\/archive.sana.sy\/es\/index.php?rest_route=%2Fwp%2Fv2%2Fcategories&post=128430"},{"taxonomy":"post_tag","embeddable":true,"href":"https:\/\/archive.sana.sy\/es\/index.php?rest_route=%2Fwp%2Fv2%2Ftags&post=128430"}],"curies":[{"name":"wp","href":"https:\/\/api.w.org\/{rel}","templated":true}]}}