{"id":128433,"date":"2020-01-27T14:17:55","date_gmt":"2020-01-27T12:17:55","guid":{"rendered":"http:\/\/sana.sy\/es\/?p=128433"},"modified":"2020-01-27T14:18:20","modified_gmt":"2020-01-27T12:18:20","slug":"los-terroristas-siguen-usando-a-civiles-como-escudos-humanos-y-los-impiden-de-salir-de-sus-zonas","status":"publish","type":"post","link":"https:\/\/archive.sana.sy\/es\/?p=128433","title":{"rendered":"Los terroristas siguen usando a civiles como escudos humanos y los impiden de salir de sus zonas"},"content":{"rendered":"<div>\n<p><strong><span style=\"color: #800000;\">Idleb &#8211; Alepo, SANA<\/span><\/strong><\/p>\n<p>Las organizaciones terroristas en las provincias de Idleb y Alepo intensificaron sus pr\u00e1cticas criminales contra las familias que desean escaparse y llegar a las zonas bajo control gubernamental y los impiden de acceder a los corredores humanitarios en Abu Dahour, al-Habit y al-Hader.<\/p>\n<p>Los radicales procedieron a desplegar efectivos armados en todas las rutas que llevan a los corredores y lanzaron amenazas contra cualquiera que intente salir para seguir us\u00e1ndoles como escudos humanos.<\/p>\n<p>Asimismo, desplegaron francotiradores en varios puntos de observaci\u00f3n en las regiones adyacentes a los pueblos liberadas por el Ej\u00e9rcito \u00c1rabe Sirio con el fin de disparar contra cualquiera de los civiles que intente escapar.<\/p>\n<p>Cabe resaltar que las autoridades competentes prepararon una cl\u00ednica m\u00f3vil, ambulancias con equipos m\u00e9dicos y autobuses para trasladar a aquellos que logran escaparse del terrorismo a sus zonas de origen.<\/p>\n<p><strong><span style=\"color: #0000ff;\">F.M\/W.S<\/span><\/strong><\/p>\n<\/div>\n<p>&nbsp;<\/p>\n","protected":false},"excerpt":{"rendered":"<p>Idleb &#8211; Alepo, SANA Las organizaciones terroristas en las provincias de Idleb y Alepo intensificaron sus pr\u00e1cticas criminales contra las familias que desean escaparse y llegar a las zonas bajo control gubernamental y los impiden de acceder a los corredores humanitarios en Abu Dahour, al-Habit y al-Hader. Los radicales procedieron a desplegar efectivos armados en &hellip;<\/p>\n","protected":false},"author":35,"featured_media":128434,"comment_status":"closed","ping_status":"closed","sticky":false,"template":"","format":"standard","meta":{"footnotes":""},"categories":[597,573,476,7541],"tags":[],"class_list":["post-128433","post","type-post","status-publish","format-standard","has-post-thumbnail","","category-cinta-de-noticias","category-la-realidad-de-los-acontecimientos-en-siria","category-locales","category-ultimas-noticias"],"_links":{"self":[{"href":"https:\/\/archive.sana.sy\/es\/index.php?rest_route=\/wp\/v2\/posts\/128433"}],"collection":[{"href":"https:\/\/archive.sana.sy\/es\/index.php?rest_route=\/wp\/v2\/posts"}],"about":[{"href":"https:\/\/archive.sana.sy\/es\/index.php?rest_route=\/wp\/v2\/types\/post"}],"author":[{"embeddable":true,"href":"https:\/\/archive.sana.sy\/es\/index.php?rest_route=\/wp\/v2\/users\/35"}],"replies":[{"embeddable":true,"href":"https:\/\/archive.sana.sy\/es\/index.php?rest_route=%2Fwp%2Fv2%2Fcomments&post=128433"}],"version-history":[{"count":0,"href":"https:\/\/archive.sana.sy\/es\/index.php?rest_route=\/wp\/v2\/posts\/128433\/revisions"}],"wp:featuredmedia":[{"embeddable":true,"href":"https:\/\/archive.sana.sy\/es\/index.php?rest_route=\/wp\/v2\/media\/128434"}],"wp:attachment":[{"href":"https:\/\/archive.sana.sy\/es\/index.php?rest_route=%2Fwp%2Fv2%2Fmedia&parent=128433"}],"wp:term":[{"taxonomy":"category","embeddable":true,"href":"https:\/\/archive.sana.sy\/es\/index.php?rest_route=%2Fwp%2Fv2%2Fcategories&post=128433"},{"taxonomy":"post_tag","embeddable":true,"href":"https:\/\/archive.sana.sy\/es\/index.php?rest_route=%2Fwp%2Fv2%2Ftags&post=128433"}],"curies":[{"name":"wp","href":"https:\/\/api.w.org\/{rel}","templated":true}]}}