{"id":128438,"date":"2020-01-27T15:25:36","date_gmt":"2020-01-27T13:25:36","guid":{"rendered":"http:\/\/sana.sy\/es\/?p=128438"},"modified":"2023-01-10T14:34:26","modified_gmt":"2023-01-10T12:34:26","slug":"ejercito-devasta-primeras-lineas-de-defensa-de-los-terroristas-al-oeste-de-alepo","status":"publish","type":"post","link":"https:\/\/archive.sana.sy\/es\/?p=128438","title":{"rendered":"Ej\u00e9rcito devasta primeras l\u00edneas de defensa de los terroristas al oeste de Alepo"},"content":{"rendered":"<p style=\"text-align: justify;\"><strong><span style=\"color: #800000;\">Alepo, SANA<\/span><\/strong><\/p>\n<p style=\"text-align: justify;\">Las unidades del ej\u00e9rcito \u00e1rabe sirio que operan en la provincia de Alepo, 355 km al norte de Damasco, continuaron sus operaciones contra las organizaciones terroristas y destruyeron sus fortificaciones y primeras l\u00edneas de defensa al oeste de la ciudad de Alepo, as\u00ed como continuaron su avance hacia localidad de Khan Touman, ubicada a unos kil\u00f3metros al suroeste de la ciudad.<\/p>\n<p style=\"text-align: justify;\">Seg\u00fan reportes del corresponsal de SANA, los militares bombardearon con artiller\u00eda y cohetes a cuarteles y fortificaciones de los terroristas al oeste de Alepo y destruyeron sus primeras l\u00edneas, y al mismo tiempo otras unidades avanzaron hacia la localidad de Khan Tuman, ubicada a unos kil\u00f3metros al suroeste de la urbe.<\/p>\n<p style=\"text-align: justify;\">Asimismo, las posiciones de los extremistas y sus rutas de abastecimientos fueron blanco de intensos bombardeos en las localidades de Lairamoun, Rashdeen, Buhous, Khan Al-Assal y Kafer Hamra.<\/p>\n<p style=\"text-align: justify;\">En la v\u00edspera, escuadras del ej\u00e9rcito sirio destruyeron un gran dep\u00f3sito de municiones de los terroristas dentro de una planta de almid\u00f3n al oeste de la ciudad.<\/p>\n<p style=\"text-align: justify;\"><span style=\"color: #0000ff;\"><strong>F.M<\/strong><\/span><\/p>\n","protected":false},"excerpt":{"rendered":"<p>Alepo, SANA Las unidades del ej\u00e9rcito \u00e1rabe sirio que operan en la provincia de Alepo, 355 km al norte de Damasco, continuaron sus operaciones contra las organizaciones terroristas y destruyeron sus fortificaciones y primeras l\u00edneas de defensa al oeste de la ciudad de Alepo, as\u00ed como continuaron su avance hacia localidad de Khan Touman, ubicada &hellip;<\/p>\n","protected":false},"author":34,"featured_media":128449,"comment_status":"closed","ping_status":"closed","sticky":false,"template":"","format":"standard","meta":{"footnotes":""},"categories":[447,597,573,476,583],"tags":[],"class_list":["post-128438","post","type-post","status-publish","format-standard","has-post-thumbnail","","category-local-politica","category-cinta-de-noticias","category-la-realidad-de-los-acontecimientos-en-siria","category-locales","category-slide"],"_links":{"self":[{"href":"https:\/\/archive.sana.sy\/es\/index.php?rest_route=\/wp\/v2\/posts\/128438"}],"collection":[{"href":"https:\/\/archive.sana.sy\/es\/index.php?rest_route=\/wp\/v2\/posts"}],"about":[{"href":"https:\/\/archive.sana.sy\/es\/index.php?rest_route=\/wp\/v2\/types\/post"}],"author":[{"embeddable":true,"href":"https:\/\/archive.sana.sy\/es\/index.php?rest_route=\/wp\/v2\/users\/34"}],"replies":[{"embeddable":true,"href":"https:\/\/archive.sana.sy\/es\/index.php?rest_route=%2Fwp%2Fv2%2Fcomments&post=128438"}],"version-history":[{"count":0,"href":"https:\/\/archive.sana.sy\/es\/index.php?rest_route=\/wp\/v2\/posts\/128438\/revisions"}],"wp:featuredmedia":[{"embeddable":true,"href":"https:\/\/archive.sana.sy\/es\/index.php?rest_route=\/wp\/v2\/media\/128449"}],"wp:attachment":[{"href":"https:\/\/archive.sana.sy\/es\/index.php?rest_route=%2Fwp%2Fv2%2Fmedia&parent=128438"}],"wp:term":[{"taxonomy":"category","embeddable":true,"href":"https:\/\/archive.sana.sy\/es\/index.php?rest_route=%2Fwp%2Fv2%2Fcategories&post=128438"},{"taxonomy":"post_tag","embeddable":true,"href":"https:\/\/archive.sana.sy\/es\/index.php?rest_route=%2Fwp%2Fv2%2Ftags&post=128438"}],"curies":[{"name":"wp","href":"https:\/\/api.w.org\/{rel}","templated":true}]}}