{"id":128470,"date":"2020-01-27T21:40:51","date_gmt":"2020-01-27T19:40:51","guid":{"rendered":"http:\/\/sana.sy\/es\/?p=128470"},"modified":"2020-01-28T15:05:31","modified_gmt":"2020-01-28T13:05:31","slug":"terroristas-sabotean-redes-de-transporte-de-petroleo-de-banias","status":"publish","type":"post","link":"https:\/\/archive.sana.sy\/es\/?p=128470","title":{"rendered":"Terroristas sabotean tuber\u00edas de transporte de petr\u00f3leo en el puerto de Banias"},"content":{"rendered":"<p><span style=\"color: #800000;\">Damasco, SANA<\/span><\/p>\n<p style=\"text-align: justify;\">El Ministerio de Petr\u00f3leo y Recursos Minerales anunci\u00f3 hoy que el sector petrolero en Siria fue blanco de un nuevo acto terrorista y de sabotaje.<\/p>\n<p style=\"text-align: justify;\">En un comunicado, el ministerio dio a conocer que buzos terroristas colocaron y detonaron explosivos en los oleoductos mar\u00edtimos del puerto petrolero de Banias en la costa siria.<\/p>\n<p style=\"text-align: justify;\">El personal t\u00e9cnico comenz\u00f3 de inmediato a cuantiar y evaluar los da\u00f1os provocados por el acto terrorista para iniciar las operaciones de reparaci\u00f3n, aclar\u00f3 el comunicado.<\/p>\n<p style=\"text-align: justify;\">Seg\u00fan el ministerio, se acudi\u00f3 a un plan alternativo para garantizar la continuaci\u00f3n del flujo de crudo y otros derivados del mismo a trav\u00e9s de la red de transporte de petr\u00f3leo.<\/p>\n<p><strong><span style=\"color: #0000ff;\">Y.K\/F.M<\/span><\/strong><\/p>\n<p>&nbsp;<\/p>\n","protected":false},"excerpt":{"rendered":"<p>Damasco, SANA El Ministerio de Petr\u00f3leo y Recursos Minerales anunci\u00f3 hoy que el sector petrolero en Siria fue blanco de un nuevo acto terrorista y de sabotaje. En un comunicado, el ministerio dio a conocer que buzos terroristas colocaron y detonaron explosivos en los oleoductos mar\u00edtimos del puerto petrolero de Banias en la costa siria. &hellip;<\/p>\n","protected":false},"author":1,"featured_media":128548,"comment_status":"closed","ping_status":"closed","sticky":false,"template":"","format":"standard","meta":{"footnotes":""},"categories":[597,573,7541],"tags":[],"class_list":["post-128470","post","type-post","status-publish","format-standard","has-post-thumbnail","","category-cinta-de-noticias","category-la-realidad-de-los-acontecimientos-en-siria","category-ultimas-noticias"],"_links":{"self":[{"href":"https:\/\/archive.sana.sy\/es\/index.php?rest_route=\/wp\/v2\/posts\/128470"}],"collection":[{"href":"https:\/\/archive.sana.sy\/es\/index.php?rest_route=\/wp\/v2\/posts"}],"about":[{"href":"https:\/\/archive.sana.sy\/es\/index.php?rest_route=\/wp\/v2\/types\/post"}],"author":[{"embeddable":true,"href":"https:\/\/archive.sana.sy\/es\/index.php?rest_route=\/wp\/v2\/users\/1"}],"replies":[{"embeddable":true,"href":"https:\/\/archive.sana.sy\/es\/index.php?rest_route=%2Fwp%2Fv2%2Fcomments&post=128470"}],"version-history":[{"count":0,"href":"https:\/\/archive.sana.sy\/es\/index.php?rest_route=\/wp\/v2\/posts\/128470\/revisions"}],"wp:featuredmedia":[{"embeddable":true,"href":"https:\/\/archive.sana.sy\/es\/index.php?rest_route=\/wp\/v2\/media\/128548"}],"wp:attachment":[{"href":"https:\/\/archive.sana.sy\/es\/index.php?rest_route=%2Fwp%2Fv2%2Fmedia&parent=128470"}],"wp:term":[{"taxonomy":"category","embeddable":true,"href":"https:\/\/archive.sana.sy\/es\/index.php?rest_route=%2Fwp%2Fv2%2Fcategories&post=128470"},{"taxonomy":"post_tag","embeddable":true,"href":"https:\/\/archive.sana.sy\/es\/index.php?rest_route=%2Fwp%2Fv2%2Ftags&post=128470"}],"curies":[{"name":"wp","href":"https:\/\/api.w.org\/{rel}","templated":true}]}}