{"id":128493,"date":"2020-01-27T21:33:52","date_gmt":"2020-01-27T19:33:52","guid":{"rendered":"http:\/\/sana.sy\/es\/?p=128493"},"modified":"2023-01-12T14:44:51","modified_gmt":"2023-01-12T12:44:51","slug":"defensa-rusa-terroristas-tienen-laboratorios-para-sustancias-toxica-administrados-por-especialistas-entrenados-en-europa","status":"publish","type":"post","link":"https:\/\/archive.sana.sy\/es\/?p=128493","title":{"rendered":"Mosc\u00fa: los terroristas disponen de laboratorios para sustancias t\u00f3xicas administrados por especialistas entrenados en Europa"},"content":{"rendered":"<p style=\"text-align: justify;\"><strong><span style=\"color: #800000;\">Mosc\u00fa, SANA<\/span><\/strong><\/p>\n<p style=\"text-align: justify;\">El Ministerio de Defensa de Rusia confirm\u00f3 que las organizaciones terroristas disponen de laboratorios para la preparaci\u00f3n y fabricaci\u00f3n de sustancias qu\u00edmicas en la provincia de Idleb, y agreg\u00f3 que los mismos son administrados por especialistas que recibieron entrenamiento en Europa.<\/p>\n<p style=\"text-align: justify;\">&#8220;Los terroristas utilizar\u00e1n los laboratorios para llevar a cabo ataques qu\u00edmicos contra civiles para acusar al Estado sirio\u201d, puntualiz\u00f3 el ministerio ruso.<\/p>\n<p style=\"text-align: justify;\">El jefe del Centro de Coordinaci\u00f3n ruso, el teniente general Yuri Borenkov, explic\u00f3 que seg\u00fan informaciones recibidas por el centro provenientes de residentes locales y retenidos por los grupos armados, miembros de los \u201cCascos Blancos\u201d, custodiados por terroristas del Frente Al-Nousra, llegaron a la localidad de Kafer Hamra, en la provincia de Alepo, y a las ciudades de Maaret Numan y Ariha, en la provincia de Idleb, y ten\u00edan en su posesi\u00f3n contenedores que contienen gas de cloro\u201d.<\/p>\n<p style=\"text-align: justify;\">Borenkov agreg\u00f3 que los armados est\u00e1n almacenando las sustancias t\u00f3xicas en las instalaciones de Radio y Televisi\u00f3n de las ciudades de Yisser Shughour y Saraqeb, en la provincia de Idleb, con la intenci\u00f3n de crear una nueva provocaci\u00f3n con armas qu\u00edmicas a fin de acusar el Estado sirio.<\/p>\n<p style=\"text-align: justify;\"><span style=\"color: #0000ff;\"><strong>Y.K\/F.M<\/strong><\/span><\/p>\n","protected":false},"excerpt":{"rendered":"<p>Mosc\u00fa, SANA El Ministerio de Defensa de Rusia confirm\u00f3 que las organizaciones terroristas disponen de laboratorios para la preparaci\u00f3n y fabricaci\u00f3n de sustancias qu\u00edmicas en la provincia de Idleb, y agreg\u00f3 que los mismos son administrados por especialistas que recibieron entrenamiento en Europa. &#8220;Los terroristas utilizar\u00e1n los laboratorios para llevar a cabo ataques qu\u00edmicos contra &hellip;<\/p>\n","protected":false},"author":1,"featured_media":128494,"comment_status":"closed","ping_status":"closed","sticky":false,"template":"","format":"standard","meta":{"footnotes":""},"categories":[597,456,7541],"tags":[],"class_list":["post-128493","post","type-post","status-publish","format-standard","has-post-thumbnail","","category-cinta-de-noticias","category-arabe-internacional-politica","category-ultimas-noticias"],"_links":{"self":[{"href":"https:\/\/archive.sana.sy\/es\/index.php?rest_route=\/wp\/v2\/posts\/128493"}],"collection":[{"href":"https:\/\/archive.sana.sy\/es\/index.php?rest_route=\/wp\/v2\/posts"}],"about":[{"href":"https:\/\/archive.sana.sy\/es\/index.php?rest_route=\/wp\/v2\/types\/post"}],"author":[{"embeddable":true,"href":"https:\/\/archive.sana.sy\/es\/index.php?rest_route=\/wp\/v2\/users\/1"}],"replies":[{"embeddable":true,"href":"https:\/\/archive.sana.sy\/es\/index.php?rest_route=%2Fwp%2Fv2%2Fcomments&post=128493"}],"version-history":[{"count":0,"href":"https:\/\/archive.sana.sy\/es\/index.php?rest_route=\/wp\/v2\/posts\/128493\/revisions"}],"wp:featuredmedia":[{"embeddable":true,"href":"https:\/\/archive.sana.sy\/es\/index.php?rest_route=\/wp\/v2\/media\/128494"}],"wp:attachment":[{"href":"https:\/\/archive.sana.sy\/es\/index.php?rest_route=%2Fwp%2Fv2%2Fmedia&parent=128493"}],"wp:term":[{"taxonomy":"category","embeddable":true,"href":"https:\/\/archive.sana.sy\/es\/index.php?rest_route=%2Fwp%2Fv2%2Fcategories&post=128493"},{"taxonomy":"post_tag","embeddable":true,"href":"https:\/\/archive.sana.sy\/es\/index.php?rest_route=%2Fwp%2Fv2%2Ftags&post=128493"}],"curies":[{"name":"wp","href":"https:\/\/api.w.org\/{rel}","templated":true}]}}