{"id":128577,"date":"2020-01-29T05:49:54","date_gmt":"2020-01-29T03:49:54","guid":{"rendered":"http:\/\/sana.sy\/es\/?p=128577"},"modified":"2023-01-10T14:34:25","modified_gmt":"2023-01-10T12:34:25","slug":"ejercito-libera-la-mayoria-de-las-areas-de-la-ciudad-de-maarat-al-numan-en-idleb","status":"publish","type":"post","link":"https:\/\/archive.sana.sy\/es\/?p=128577","title":{"rendered":"Ej\u00e9rcito libera la mayor parte de la ciudad de Maarat al-Numan en Idleb"},"content":{"rendered":"<p style=\"text-align: justify;\"><span style=\"color: #800000;\">Idleb, SANA<\/span><\/p>\n<p style=\"text-align: justify;\">Unidades del Ej\u00e9rcito sirio se hicieron con el control de la mayor parte de la ciudad de Maarat al-Numan en el sur de la provincia de Idleb, 330 km al norte de la capital Damasco, despu\u00e9s de haber librado feroces enfrentamientos con los grupos terroristas.<\/p>\n<p style=\"text-align: justify;\">Seg\u00fan reportes del corresponsal de SANA, el ej\u00e9rcito, tras de retomar el control de la gran parte de los pueblos y las localidades circundantes a Maarat al-Numan, avanz\u00f3 hacia la urbe y liber\u00f3 la mayor\u00eda de sus barrios luego de destruir las fortificaciones de los terroristas del Frente de al-Nousra y los grupos afiliados.<\/p>\n<p style=\"text-align: justify;\">Confirm\u00f3 que las unidades castrenses sirias lograron infligir significativas bajas y p\u00e9rdidas materiales entre las filas de los grupos terroristas en Maarat al-Numan, y detall\u00f3 que los radicales se retiraron hacia el norte y el noroeste rumbo a las ciudades de Saraqueb y Ariha.<\/p>\n<p style=\"text-align: justify;\">Los zapadores del Ej\u00e9rcito comenzaron los operativos de peinado y desminado en los barrios liberados de Maarat al-Numan, as\u00ed como en las fincas y colinas que la rodean.<\/p>\n<p style=\"text-align: justify;\"><span style=\"color: #0000ff;\">Fotos de la ciudad de Maarat al-Numan\u00a0<\/span><\/p>\n<div id='gallery-1' class='gallery galleryid-128577 gallery-columns-1 gallery-size-full'><figure class='gallery-item'>\n\t\t\t<div class='gallery-icon landscape'>\n\t\t\t\t<a href='https:\/\/archive.sana.sy\/es\/wp-content\/uploads\/2020\/01\/Maarat-al-Numan-1.jpg'><img loading=\"lazy\" decoding=\"async\" width=\"660\" height=\"330\" src=\"https:\/\/archive.sana.sy\/es\/wp-content\/uploads\/2020\/01\/Maarat-al-Numan-1.jpg\" class=\"attachment-full size-full\" alt=\"\" srcset=\"https:\/\/archive.sana.sy\/es\/wp-content\/uploads\/2020\/01\/Maarat-al-Numan-1.jpg 660w, https:\/\/archive.sana.sy\/es\/wp-content\/uploads\/2020\/01\/Maarat-al-Numan-1-300x150.jpg 300w, https:\/\/archive.sana.sy\/es\/wp-content\/uploads\/2020\/01\/Maarat-al-Numan-1-150x75.jpg 150w\" sizes=\"(max-width: 660px) 100vw, 660px\" \/><\/a>\n\t\t\t<\/div><\/figure><figure class='gallery-item'>\n\t\t\t<div class='gallery-icon landscape'>\n\t\t\t\t<a href='https:\/\/archive.sana.sy\/es\/wp-content\/uploads\/2020\/01\/Maarat-al-Numan-2.jpg'><img loading=\"lazy\" decoding=\"async\" width=\"660\" height=\"370\" src=\"https:\/\/archive.sana.sy\/es\/wp-content\/uploads\/2020\/01\/Maarat-al-Numan-2.jpg\" class=\"attachment-full size-full\" alt=\"\" srcset=\"https:\/\/archive.sana.sy\/es\/wp-content\/uploads\/2020\/01\/Maarat-al-Numan-2.jpg 660w, https:\/\/archive.sana.sy\/es\/wp-content\/uploads\/2020\/01\/Maarat-al-Numan-2-300x168.jpg 300w, https:\/\/archive.sana.sy\/es\/wp-content\/uploads\/2020\/01\/Maarat-al-Numan-2-150x84.jpg 150w\" sizes=\"(max-width: 660px) 100vw, 660px\" \/><\/a>\n\t\t\t<\/div><\/figure><figure class='gallery-item'>\n\t\t\t<div class='gallery-icon landscape'>\n\t\t\t\t<a href='https:\/\/archive.sana.sy\/es\/wp-content\/uploads\/2020\/01\/Maarat-al-Numan-3.jpg'><img loading=\"lazy\" decoding=\"async\" width=\"660\" height=\"370\" src=\"https:\/\/archive.sana.sy\/es\/wp-content\/uploads\/2020\/01\/Maarat-al-Numan-3.jpg\" class=\"attachment-full size-full\" alt=\"\" srcset=\"https:\/\/archive.sana.sy\/es\/wp-content\/uploads\/2020\/01\/Maarat-al-Numan-3.jpg 660w, https:\/\/archive.sana.sy\/es\/wp-content\/uploads\/2020\/01\/Maarat-al-Numan-3-300x168.jpg 300w, https:\/\/archive.sana.sy\/es\/wp-content\/uploads\/2020\/01\/Maarat-al-Numan-3-150x84.jpg 150w\" sizes=\"(max-width: 660px) 100vw, 660px\" \/><\/a>\n\t\t\t<\/div><\/figure>\n\t\t<\/div>\n\n<p style=\"text-align: justify;\">L.A.<\/p>\n","protected":false},"excerpt":{"rendered":"<p>Idleb, SANA Unidades del Ej\u00e9rcito sirio se hicieron con el control de la mayor parte de la ciudad de Maarat al-Numan en el sur de la provincia de Idleb, 330 km al norte de la capital Damasco, despu\u00e9s de haber librado feroces enfrentamientos con los grupos terroristas. Seg\u00fan reportes del corresponsal de SANA, el ej\u00e9rcito, &hellip;<\/p>\n","protected":false},"author":24,"featured_media":128578,"comment_status":"closed","ping_status":"closed","sticky":false,"template":"","format":"standard","meta":{"footnotes":""},"categories":[447,597,573],"tags":[],"class_list":["post-128577","post","type-post","status-publish","format-standard","has-post-thumbnail","","category-local-politica","category-cinta-de-noticias","category-la-realidad-de-los-acontecimientos-en-siria"],"_links":{"self":[{"href":"https:\/\/archive.sana.sy\/es\/index.php?rest_route=\/wp\/v2\/posts\/128577"}],"collection":[{"href":"https:\/\/archive.sana.sy\/es\/index.php?rest_route=\/wp\/v2\/posts"}],"about":[{"href":"https:\/\/archive.sana.sy\/es\/index.php?rest_route=\/wp\/v2\/types\/post"}],"author":[{"embeddable":true,"href":"https:\/\/archive.sana.sy\/es\/index.php?rest_route=\/wp\/v2\/users\/24"}],"replies":[{"embeddable":true,"href":"https:\/\/archive.sana.sy\/es\/index.php?rest_route=%2Fwp%2Fv2%2Fcomments&post=128577"}],"version-history":[{"count":0,"href":"https:\/\/archive.sana.sy\/es\/index.php?rest_route=\/wp\/v2\/posts\/128577\/revisions"}],"wp:featuredmedia":[{"embeddable":true,"href":"https:\/\/archive.sana.sy\/es\/index.php?rest_route=\/wp\/v2\/media\/128578"}],"wp:attachment":[{"href":"https:\/\/archive.sana.sy\/es\/index.php?rest_route=%2Fwp%2Fv2%2Fmedia&parent=128577"}],"wp:term":[{"taxonomy":"category","embeddable":true,"href":"https:\/\/archive.sana.sy\/es\/index.php?rest_route=%2Fwp%2Fv2%2Fcategories&post=128577"},{"taxonomy":"post_tag","embeddable":true,"href":"https:\/\/archive.sana.sy\/es\/index.php?rest_route=%2Fwp%2Fv2%2Ftags&post=128577"}],"curies":[{"name":"wp","href":"https:\/\/api.w.org\/{rel}","templated":true}]}}