{"id":128627,"date":"2020-01-29T09:46:44","date_gmt":"2020-01-29T07:46:44","guid":{"rendered":"http:\/\/sana.sy\/es\/?p=128627"},"modified":"2023-01-12T14:44:51","modified_gmt":"2023-01-12T12:44:51","slug":"el-acuerdo-del-siglo-es-una-pesadilla-para-la-region-y-el-mundo-afirma-zarif","status":"publish","type":"post","link":"https:\/\/archive.sana.sy\/es\/?p=128627","title":{"rendered":"El &#8220;Acuerdo del Siglo&#8221; es una pesadilla para la regi\u00f3n y el mundo, afirma Zarif"},"content":{"rendered":"<p style=\"text-align: justify;\"><strong><span style=\"color: #800000;\">Teher\u00e1n, SANA<\/span><\/strong><\/p>\n<p style=\"text-align: justify;\"><span lang=\"ES-TRAD\">El ministro de Exteriores de Ir\u00e1n, Mohammad Javad Zarif, afirm\u00f3 que el &#8220;Acuerdo del siglo&#8221; es una pesadilla para la regi\u00f3n y el mundo.<\/span><\/p>\n<p style=\"text-align: justify;\"><span lang=\"ES-TRAD\">&#8220;El llamado &#8220;Horizonte de Paz&#8221; es un proyecto imaginario de un contratista en bancarrota, pero es una pesadilla para la regi\u00f3n y el mundo&#8221;, dijo Zarif en su cuenta en la red social Twitter y fue citado por la Agencia de Noticias Iran\u00ed, IRNA.<\/span><\/p>\n<p style=\"text-align: justify;\"><span lang=\"ES-TRAD\">El canciller iran\u00ed expres\u00f3 su esperanza de que este asunto constituya una campana de alerta para todos los musulmanes que est\u00e1n en el camino equivocado.<\/span><\/p>\n<p style=\"text-align: justify;\"><span lang=\"ES-TRAD\">El canciller iran\u00ed emiti\u00f3 una invitaci\u00f3n en el contexto de su tuit para unirse por los palestinos.<\/span><\/p>\n<p style=\"text-align: justify;\"><span lang=\"ES-TRAD\">En una violaci\u00f3n flagrante de las resoluciones internacionales, el presidente de Estados Unidos, Donald Trump, anunci\u00f3 las clausulas del\u00a0\u00a0siniestro llamado &#8220;Acuerdo del Siglo&#8221; destinado a eliminar la causa palestina a expensas de los derechos del pueblo palestino.<\/span><\/p>\n<p style=\"text-align: justify;\"><span lang=\"ES-TRAD\">Los palestinos reafirmaron su rechazo categ\u00f3rico a este acuerdo y ratificaron que no renunciar\u00e1n sus derechos leg\u00edtimos e inalienables garantizados por las leyes Internacionales, a su frente el derecho a la autodeterminaci\u00f3n, el retorno de los refugiados a sus hogares y el establecimiento de un estado palestino independiente sobre las fronteras del 4 de junio de 1967, con Jerusal\u00e9n como su capital.<\/span><\/p>\n<p style=\"text-align: justify;\"><span style=\"color: #0000ff;\"><strong><span lang=\"ES-TRAD\">\u00a0F.M\/ E.D<\/span><\/strong><\/span><\/p>\n<p style=\"text-align: justify;\">\n","protected":false},"excerpt":{"rendered":"<p>Teher\u00e1n, SANA El ministro de Exteriores de Ir\u00e1n, Mohammad Javad Zarif, afirm\u00f3 que el &#8220;Acuerdo del siglo&#8221; es una pesadilla para la regi\u00f3n y el mundo. &#8220;El llamado &#8220;Horizonte de Paz&#8221; es un proyecto imaginario de un contratista en bancarrota, pero es una pesadilla para la regi\u00f3n y el mundo&#8221;, dijo Zarif en su cuenta &hellip;<\/p>\n","protected":false},"author":32,"featured_media":128628,"comment_status":"closed","ping_status":"closed","sticky":false,"template":"","format":"standard","meta":{"footnotes":""},"categories":[597,456],"tags":[],"class_list":["post-128627","post","type-post","status-publish","format-standard","has-post-thumbnail","","category-cinta-de-noticias","category-arabe-internacional-politica"],"_links":{"self":[{"href":"https:\/\/archive.sana.sy\/es\/index.php?rest_route=\/wp\/v2\/posts\/128627"}],"collection":[{"href":"https:\/\/archive.sana.sy\/es\/index.php?rest_route=\/wp\/v2\/posts"}],"about":[{"href":"https:\/\/archive.sana.sy\/es\/index.php?rest_route=\/wp\/v2\/types\/post"}],"author":[{"embeddable":true,"href":"https:\/\/archive.sana.sy\/es\/index.php?rest_route=\/wp\/v2\/users\/32"}],"replies":[{"embeddable":true,"href":"https:\/\/archive.sana.sy\/es\/index.php?rest_route=%2Fwp%2Fv2%2Fcomments&post=128627"}],"version-history":[{"count":0,"href":"https:\/\/archive.sana.sy\/es\/index.php?rest_route=\/wp\/v2\/posts\/128627\/revisions"}],"wp:featuredmedia":[{"embeddable":true,"href":"https:\/\/archive.sana.sy\/es\/index.php?rest_route=\/wp\/v2\/media\/128628"}],"wp:attachment":[{"href":"https:\/\/archive.sana.sy\/es\/index.php?rest_route=%2Fwp%2Fv2%2Fmedia&parent=128627"}],"wp:term":[{"taxonomy":"category","embeddable":true,"href":"https:\/\/archive.sana.sy\/es\/index.php?rest_route=%2Fwp%2Fv2%2Fcategories&post=128627"},{"taxonomy":"post_tag","embeddable":true,"href":"https:\/\/archive.sana.sy\/es\/index.php?rest_route=%2Fwp%2Fv2%2Ftags&post=128627"}],"curies":[{"name":"wp","href":"https:\/\/api.w.org\/{rel}","templated":true}]}}