{"id":128630,"date":"2020-01-29T09:56:05","date_gmt":"2020-01-29T07:56:05","guid":{"rendered":"http:\/\/sana.sy\/es\/?p=128630"},"modified":"2023-01-10T15:34:47","modified_gmt":"2023-01-10T13:34:47","slug":"resumen-de-noticias-publicadas-por-sana-29-de-enero-del-2020","status":"publish","type":"post","link":"https:\/\/archive.sana.sy\/es\/?p=128630","title":{"rendered":"Resumen de noticias publicadas por SANA, 29 de enero del 2020"},"content":{"rendered":"<p style=\"text-align: justify;\"><strong><span style=\"color: #800000;\">Damasco, SANA<\/span><\/strong><\/p>\n<p style=\"text-align: justify;\">Les ofrecemos a continuaci\u00f3n un resumen de las noticias nacionales e internacionales relativas a Siria y difundidas por nuestra agencia en las \u00faltimas 24 horas:<\/p>\n<p style=\"text-align: justify;\"><span style=\"color: #0000ff;\"><strong>Presidente al-Assad preside reuni\u00f3n del gobierno sobre implementaci\u00f3n del proyecto de reforma administrativa<\/strong><\/span><\/p>\n<p style=\"text-align: justify;\">El presidente Bashar al-Assad, presidi\u00f3 hoy una reuni\u00f3n a la que asistieron el primer ministro, Imad Khamis, y varios ministros.<\/p>\n<p style=\"text-align: justify;\">En la reuni\u00f3n, se trat\u00f3 el tema de las etapas de implementaci\u00f3n del proyecto nacional para la reforma administrativa.<\/p>\n<p style=\"text-align: justify;\">Al comienzo de la reuni\u00f3n, se discuti\u00f3 la versi\u00f3n final de la ley de estatus financiero que se va a presentar en el Gabinete para su aprobaci\u00f3n, y se destac\u00f3 el impacto positivo de la misma en la consolidaci\u00f3n de los principios de integridad, igualdad y transparencia institucional, adem\u00e1s de lograr una prevenci\u00f3n de la corrupci\u00f3n y una reducci\u00f3n de las ganancias il\u00edcitas y protecci\u00f3n al dinero p\u00fablico.<\/p>\n<p style=\"text-align: justify;\">La ministra de Desarrollo Administrativo, Salam Safaf, hizo una presentaci\u00f3n sobre los resultados del trabajo en la etapa preparatoria de la implementaci\u00f3n del proyecto en los ministerios de Administraci\u00f3n Local, de Obras P\u00fablicas y Vivienda y de Finanzas, especialmente en las \u00e1reas de gesti\u00f3n de recursos humanos y la modificaci\u00f3n de la estructura organizativa.<\/p>\n<p style=\"text-align: justify;\">Los ministros de Obras P\u00fablicas y Vivienda, y de Administraci\u00f3n Local explicaron la nueva estructura organizativa de sus ministerios que trat\u00f3 los problemas de las estructuras administrativas infladas.<\/p>\n<p style=\"text-align: justify;\">El presidente al-Assad dio instrucciones para comenzar la aplicaci\u00f3n de la etapa preparatoria del proyecto en el resto de los ministerios y trabajar para aumentan la eficiencia del trabajo en las instituciones p\u00fablicas y lograr la mejor inversi\u00f3n de los cuadros humano.<\/p>\n<p style=\"text-align: justify;\"><strong><span style=\"color: #0000ff;\">Ej\u00e9rcito libera la mayor parte de la ciudad de Maarat al-Numan en Idleb<\/span><\/strong><\/p>\n<p style=\"text-align: justify;\">Unidades del Ej\u00e9rcito sirio se hicieron con el control de la mayor parte de la ciudad de Maarat al-Numan en el sur de la provincia de Idleb, 330 km al norte de la capital Damasco, despu\u00e9s de haber librado feroces enfrentamientos con los grupos terroristas.<\/p>\n<p style=\"text-align: justify;\">Seg\u00fan reportes del corresponsal de SANA, el ej\u00e9rcito, tras de retomar el control de la gran parte de los pueblos y las localidades circundantes a Maarat al-Numan, avanz\u00f3 hacia la urbe y liber\u00f3 la mayor\u00eda de sus barrios luego de destruir las fortificaciones de los terroristas del Frente de al-Nousra y los grupos afiliados.<\/p>\n<p style=\"text-align: justify;\">Confirm\u00f3 que las unidades castrenses sirias lograron infligir significativas bajas y p\u00e9rdidas materiales entre las filas de los grupos terroristas en Maarat al-Numan, y detall\u00f3 que los radicales se retiraron hacia el norte y el noroeste rumbo a las ciudades de Saraqueb y Ariha.<\/p>\n<p style=\"text-align: justify;\">Los zapadores del Ej\u00e9rcito comenzaron los operativos de peinado y desminado en los barrios liberados de Maarat al-Numan, as\u00ed como en las fincas y colinas que la rodean.<\/p>\n<p style=\"text-align: justify;\"><strong><span style=\"color: #0000ff;\">Ej\u00e9rcito intensifica sus bombardeos con artiller\u00eda y cohetes contra sedes terroristas al oeste y suroeste de Alepo<\/span><\/strong><\/p>\n<p style=\"text-align: justify;\">Unidades del ej\u00e9rcito \u00e1rabe sirio que operan en la provincia de Alepo atacaron a sedes y fortificaciones de los grupos terroristas en las localidades de Khan Touman, Mansoura y al-Rashideen, al oeste y suroeste de la ciudad de Alepo.<\/p>\n<p style=\"text-align: justify;\">El corresponsal de SANA report\u00f3 que las unidades del ej\u00e9rcito bombardearon con artiller\u00eda y misiles a las concentraciones terroristas\u00a0 y destruyeron sus fortificaciones al oeste de la ciudad de Alepo.<\/p>\n<p style=\"text-align: justify;\">Agreg\u00f3 que veh\u00edculos y dep\u00f3sitos de municiones de los terroristas han sido destruidos en las localidades de Khan Touman, Mansoura, Kafer Naha y Kafer Dael en las afueras al oeste y suroeste de Alepo.<\/p>\n<p style=\"text-align: justify;\">En la v\u00edspera, los militares bombardearon con artiller\u00eda y cohetes a cuarteles y fortificaciones de los terroristas al oeste de Alepo y destruyeron sus primeras l\u00edneas.<\/p>\n<p style=\"text-align: justify;\">Asimismo, las posiciones de los extremistas y sus rutas de abastecimientos fueron blanco de intensos bombardeos en las localidades de Lairamoun, Rashdeen, Buhous, Khan Al-Assal y Kafer Hamra.<\/p>\n<p style=\"text-align: justify;\"><strong><span style=\"color: #0000ff;\">Los terroristas siguen impidiendo acceso de civiles a corredores humanitarios en Idleb y Alepo<\/span><\/strong><\/p>\n<p style=\"text-align: justify;\">Por el decimosexto d\u00eda consecutivo, las autoridades competentes en cooperaci\u00f3n con el ej\u00e9rcito \u00e1rabe sirio contin\u00faan sus preparativos para recibir a las personas que desean abandonar las \u00e1reas controladas por terroristas de las provincias de Idleb y Alepo a trav\u00e9s de los corredores humanitarios en Abu al-Dahour, al-Habit y al-Hadr, en el marco de los esfuerzos gubernamentales en curso para devolver a los desplazados por acci\u00f3n del terrorismo.<\/p>\n<p style=\"text-align: justify;\">Seg\u00fan reportes de los corresponsales de SANA, los preparativos log\u00edsticos estan en pie desde el primer d\u00eda de apertura de los corredores humanitarios para recibir a los civiles que ser\u00e1n transportados a sus hogares y \u00e1reas que han sido liberadas de terrorismo por el ej\u00e9rcito \u00e1rabe sirio.<\/p>\n<p style=\"text-align: justify;\">En los corredores humanitarios, los \u00f3rganos competentes prepararon cl\u00ednicas m\u00f3viles, centros m\u00e9dicos, incluidos autobuses, ambulancias, suministros de alimentos y equipos m\u00e9dicos para prestar servicios de salud de emergencia a la poblaci\u00f3n civil.<\/p>\n<p style=\"text-align: justify;\">Las organizaciones terroristas vinculadas al Frente al-Nusra contin\u00faan sus intimidaciones para evitar que aquellos que desean salir de sus \u00e1reas a trav\u00e9s de los corredores humanitarios, tom\u00e1ndolos como escudos humanos.<\/p>\n<p style=\"text-align: justify;\"><strong><span style=\"color: #0000ff;\">515 sirios con discapacidad f\u00edsica se benefician de una iniciativa humanitaria india<\/span><\/strong><\/p>\n<p style=\"text-align: justify;\">La cifra de los beneficiarios de la iniciativa humanitaria india lanzada recientemente en cooperaci\u00f3n entre los ministerios de Asuntos Sociales y de Salud y la Embajada de la India en Damasco, ascendi\u00f3 a 515 mutilados a consecuencia de la guerra terrorista contra Siria o personas con discapacidad.<\/p>\n<p style=\"text-align: justify;\">La iniciativa que fue llevada a cabo gracias a un equipo de m\u00e9dicos y t\u00e9cnicos indios bajo supervisi\u00f3n de la Asociaci\u00f3n India de Rehabilitaci\u00f3n de Personas con Discapacidad \u201cMahaveer\u201d, finaliz\u00f3 el lunes su trabajo y contribuy\u00f3 a proporcionar pr\u00f3tesis de extremidades a lesionados de las diferentes provincias del pa\u00eds.<\/p>\n<p style=\"text-align: justify;\">Hadi Mashhadiyeh, director del Instituto de Rehabilitaci\u00f3n de Personas con Discapacidad en Damasco resalt\u00f3 a SANA la importancia de la iniciativa que arranc\u00f3 el 25 de diciembre pasado en apoyar a las personas con discapacidad f\u00edsica que son v\u00edctimas de ataques terroristas o de accidentes y enfermedades graves, y reintegrarlas a la sociedad.<\/p>\n<p style=\"text-align: justify;\">Seg\u00fan Mashhadiyeh, la iniciativa entregaba las pr\u00f3tesis a unas 15 personas diariamente y resalt\u00f3 que el proceso de tomar las medidas, fabricar las extremidades, entregarlas y entrenar a los beneficiarios para usarlas se efectuaba en el mismo d\u00eda.<\/p>\n<p style=\"text-align: justify;\">La asociaci\u00f3n india Mahaveer fue fundada en 1975 y contribuy\u00f3 a donar pr\u00f3tesis a m\u00e1s de un mill\u00f3n y 800 mil personas de varios pa\u00edses del mundo.<\/p>\n<p style=\"text-align: justify;\"><span style=\"color: #0000ff;\"><strong>Federaci\u00f3n General de Fil\u00f3logos y Escritores \u00c1rabes reitera respaldo a la soberan\u00eda de Siria<\/strong><\/span><\/p>\n<p style=\"text-align: justify;\">Los miembros de la Federaci\u00f3n General de Fil\u00f3logos y Escritores \u00c1rabes reiteraron su apoyo a Siria en su guerra contra el terrorismo y al derecho de esta naci\u00f3n \u00e1rabe a preservar su independencia, integridad y seguridad territorial.<\/p>\n<p style=\"text-align: justify;\">Durante la conferencia anual de la Federaci\u00f3n celebrada en Jordania, el presidente de la Liga de Escritores de Jordania, Saad Addin Shahin, revel\u00f3 dirigir una invitaci\u00f3n a Siria para asistir a la pr\u00f3xima reuni\u00f3n.<\/p>\n<p style=\"text-align: justify;\">Shahin subray\u00f3 que la Federaci\u00f3n manifest\u00f3 su apoyo a la causa principal de los \u00e1rabes, la Causa Palestina, y al derecho del pueblo palestino a establecer un estado independiente con su capital al-Qudus.<\/p>\n<p style=\"text-align: justify;\">Asimismo, expres\u00f3 el rechazo de la Federaci\u00f3n a todas las formas de normalizaci\u00f3n con el enemigo israel\u00ed, y a las acciones injerencistas en Libia, Yemen e Irak.<\/p>\n<p style=\"text-align: justify;\"><span style=\"color: #0000ff;\"><strong>Comienza reparaci\u00f3n de da\u00f1os por sabotaje terrorista contra tuber\u00edas de petr\u00f3leo en puerto de Banias<\/strong><\/span><\/p>\n<p style=\"text-align: justify;\">El Ministerio de Petr\u00f3leo y Recursos Minerales anunci\u00f3 hoy que los equipos t\u00e9cnicos comenzaron a reparar los da\u00f1os provocados por el sabotaje cometido por terroristas contra las tuber\u00edas mar\u00edtimas en el puerto petrolero de Banias, en la provincia costera de Tartous.<\/p>\n<p style=\"text-align: justify;\">En la v\u00edspera, el Ministerio anunci\u00f3 que el sector petrolero en Siria fue blanco de un nuevo acto terrorista y de sabotaje.<\/p>\n<p style=\"text-align: justify;\">Explic\u00f3 en un comunicado que buzos terroristas colocaron y detonaron explosivos en los oleoductos mar\u00edtimos del puerto petrolero de Banias.<\/p>\n<p style=\"text-align: justify;\">Seg\u00fan el ministerio, se acudi\u00f3 a un plan alternativo para garantizar la continuaci\u00f3n del flujo de crudo y otros derivados del mismo a trav\u00e9s de la red de transporte de petr\u00f3leo.<\/p>\n<p style=\"text-align: justify;\"><span style=\"color: #0000ff;\"><strong>Facciones palestinas en Siria reiteran su repudio al llamado Acuerdo del Siglo<\/strong><\/span><\/p>\n<p style=\"text-align: justify;\">Se realiz\u00f3 en la sede del Consejo Nacional Palestino en el capital Damasco un acto destinado a reiterar el apego a los derechos nacionales y pan\u00e1rabes en Jerusal\u00e9n ocupada, el Gol\u00e1n sirio y todos los territorios \u00e1rabes ocupados, as\u00ed como expresar el repudio al llamado \u201cel Acuerdo del Siglo\u201d.<\/p>\n<p style=\"text-align: justify;\">El encuentro fue patrocinado por las facciones palestinas en Siria, la Asociaci\u00f3n Internacional Al-Quds, y el Comit\u00e9 Popular \u00c1rabe Siria para el apoyo al Pueblo palestino.<\/p>\n<p style=\"text-align: justify;\">Los participantes en este acto precisaron mediante un comunicado que el plan que anunci\u00f3 el presidente norteamericano, Donald Trump, respecto al llamado \u201cel Acuerdo del Siglo\u201d, constituye una agresi\u00f3n contra la poblaci\u00f3n palestina, y un esquema encaminado a acabar con la Causa Palestina.<\/p>\n<p style=\"text-align: justify;\">Tacharon este anuncio norteamericano de \u201cuna cat\u00e1strofe\u201d, y cualquier parte que lo acepte se considera como un traidor a la Causa Palestina.<\/p>\n<p style=\"text-align: justify;\">Asimismo llamaron a cerrar filas para resistir a las conspiraciones sionistas destinadas a desagregar a la naci\u00f3n \u00e1rabe, saquear sus recursos y eliminar la Causa Palestina.<\/p>\n<p style=\"text-align: justify;\">\n<p style=\"text-align: justify;\"><span style=\"color: #0000ff;\"><strong>F.M\/ E.D<\/strong><\/span><\/p>\n","protected":false},"excerpt":{"rendered":"<p>Damasco, SANA Les ofrecemos a continuaci\u00f3n un resumen de las noticias nacionales e internacionales relativas a Siria y difundidas por nuestra agencia en las \u00faltimas 24 horas: Presidente al-Assad preside reuni\u00f3n del gobierno sobre implementaci\u00f3n del proyecto de reforma administrativa El presidente Bashar al-Assad, presidi\u00f3 hoy una reuni\u00f3n a la que asistieron el primer ministro, &hellip;<\/p>\n","protected":false},"author":32,"featured_media":128531,"comment_status":"closed","ping_status":"closed","sticky":false,"template":"","format":"standard","meta":{"footnotes":""},"categories":[447,555,597],"tags":[17419],"class_list":["post-128630","post","type-post","status-publish","format-standard","has-post-thumbnail","","category-local-politica","category-prensa","category-cinta-de-noticias","tag-resumen-de-noticias-publicadas-por-sana-29-de-enero-del-2020"],"_links":{"self":[{"href":"https:\/\/archive.sana.sy\/es\/index.php?rest_route=\/wp\/v2\/posts\/128630"}],"collection":[{"href":"https:\/\/archive.sana.sy\/es\/index.php?rest_route=\/wp\/v2\/posts"}],"about":[{"href":"https:\/\/archive.sana.sy\/es\/index.php?rest_route=\/wp\/v2\/types\/post"}],"author":[{"embeddable":true,"href":"https:\/\/archive.sana.sy\/es\/index.php?rest_route=\/wp\/v2\/users\/32"}],"replies":[{"embeddable":true,"href":"https:\/\/archive.sana.sy\/es\/index.php?rest_route=%2Fwp%2Fv2%2Fcomments&post=128630"}],"version-history":[{"count":0,"href":"https:\/\/archive.sana.sy\/es\/index.php?rest_route=\/wp\/v2\/posts\/128630\/revisions"}],"wp:featuredmedia":[{"embeddable":true,"href":"https:\/\/archive.sana.sy\/es\/index.php?rest_route=\/wp\/v2\/media\/128531"}],"wp:attachment":[{"href":"https:\/\/archive.sana.sy\/es\/index.php?rest_route=%2Fwp%2Fv2%2Fmedia&parent=128630"}],"wp:term":[{"taxonomy":"category","embeddable":true,"href":"https:\/\/archive.sana.sy\/es\/index.php?rest_route=%2Fwp%2Fv2%2Fcategories&post=128630"},{"taxonomy":"post_tag","embeddable":true,"href":"https:\/\/archive.sana.sy\/es\/index.php?rest_route=%2Fwp%2Fv2%2Ftags&post=128630"}],"curies":[{"name":"wp","href":"https:\/\/api.w.org\/{rel}","templated":true}]}}