{"id":128813,"date":"2020-01-30T13:04:26","date_gmt":"2020-01-30T11:04:26","guid":{"rendered":"http:\/\/sana.sy\/es\/?p=128813"},"modified":"2020-01-30T13:04:26","modified_gmt":"2020-01-30T11:04:26","slug":"el-pcc-ratifica-apoyo-a-siria-en-su-guerra-contra-el-terrorismo","status":"publish","type":"post","link":"https:\/\/archive.sana.sy\/es\/?p=128813","title":{"rendered":"El PCC ratifica apoyo a Siria en su guerra contra el terrorismo"},"content":{"rendered":"<div dir=\"ltr\">\n<div>\n<p style=\"text-align: justify;\"><strong><span lang=\"ES-TRAD\" style=\"color: #800000;\">La Habana, SANA<\/span><\/strong><\/p>\n<p style=\"text-align: justify;\"><span lang=\"ES-TRAD\">El Partido Comunista\u00a0\u00a0de Cuba (PCC) renov\u00f3 su apoyo a Siria en su lucha contra el terrorismo hasta su erradicaci\u00f3n definitiva.<\/span><\/p>\n<p style=\"text-align: justify;\"><span lang=\"ES-TRAD\">El Vicejefe y coordinador del Departamento de Relaciones Internacionales del Comit\u00e9 Central del PCC, \u00c1ngel Arzwaga Reyes, dijo durante una reuni\u00f3n con el embajador sirio en Cuba, Idris Mayya, que Siria es apreciada por todas las fuerzas progresistas del mundo porque est\u00e1 librando una guerra contra el terrorismo y sus patrocinadores, y tambi\u00e9n contra el imperialismo internacional, y logr\u00f3 victorias sucesivas gracias al hero\u00edsmo y los sacrificios del ej\u00e9rcito \u00e1rabe sirio.<\/span><\/p>\n<p style=\"text-align: justify;\"><span lang=\"ES-TRAD\">El embajador Mayya a su vez, explic\u00f3 los \u00faltimos desarrollos en Siria, particularmente el avance y las victorias logradas por el ej\u00e9rcito contra el terrorismo.<\/span><\/p>\n<p style=\"text-align: justify;\"><span lang=\"ES-TRAD\">Indic\u00f3 que las operaciones del ej\u00e9rcito en las provincias de Alepo y Idleb responden a los llamados de los ciudadanos para salvarlos de los cr\u00edmenes sistem\u00e1ticos cometidos por los terroristas.<\/span><\/p>\n<\/div>\n<\/div>\n<p style=\"text-align: justify;\"><strong><span style=\"color: #0000ff;\">E.D\/ F.M<\/span><\/strong><\/p>\n","protected":false},"excerpt":{"rendered":"<p>La Habana, SANA El Partido Comunista\u00a0\u00a0de Cuba (PCC) renov\u00f3 su apoyo a Siria en su lucha contra el terrorismo hasta su erradicaci\u00f3n definitiva. El Vicejefe y coordinador del Departamento de Relaciones Internacionales del Comit\u00e9 Central del PCC, \u00c1ngel Arzwaga Reyes, dijo durante una reuni\u00f3n con el embajador sirio en Cuba, Idris Mayya, que Siria es &hellip;<\/p>\n","protected":false},"author":32,"featured_media":128814,"comment_status":"closed","ping_status":"closed","sticky":false,"template":"","format":"standard","meta":{"footnotes":""},"categories":[597,467],"tags":[17432],"class_list":["post-128813","post","type-post","status-publish","format-standard","has-post-thumbnail","","category-cinta-de-noticias","category-siria-y-el-mundo","tag-el-pcc-ratifica-apoyo-a-siria-en-su-guerra-contra-el-terrorismo"],"_links":{"self":[{"href":"https:\/\/archive.sana.sy\/es\/index.php?rest_route=\/wp\/v2\/posts\/128813"}],"collection":[{"href":"https:\/\/archive.sana.sy\/es\/index.php?rest_route=\/wp\/v2\/posts"}],"about":[{"href":"https:\/\/archive.sana.sy\/es\/index.php?rest_route=\/wp\/v2\/types\/post"}],"author":[{"embeddable":true,"href":"https:\/\/archive.sana.sy\/es\/index.php?rest_route=\/wp\/v2\/users\/32"}],"replies":[{"embeddable":true,"href":"https:\/\/archive.sana.sy\/es\/index.php?rest_route=%2Fwp%2Fv2%2Fcomments&post=128813"}],"version-history":[{"count":0,"href":"https:\/\/archive.sana.sy\/es\/index.php?rest_route=\/wp\/v2\/posts\/128813\/revisions"}],"wp:featuredmedia":[{"embeddable":true,"href":"https:\/\/archive.sana.sy\/es\/index.php?rest_route=\/wp\/v2\/media\/128814"}],"wp:attachment":[{"href":"https:\/\/archive.sana.sy\/es\/index.php?rest_route=%2Fwp%2Fv2%2Fmedia&parent=128813"}],"wp:term":[{"taxonomy":"category","embeddable":true,"href":"https:\/\/archive.sana.sy\/es\/index.php?rest_route=%2Fwp%2Fv2%2Fcategories&post=128813"},{"taxonomy":"post_tag","embeddable":true,"href":"https:\/\/archive.sana.sy\/es\/index.php?rest_route=%2Fwp%2Fv2%2Ftags&post=128813"}],"curies":[{"name":"wp","href":"https:\/\/api.w.org\/{rel}","templated":true}]}}