{"id":12882,"date":"2014-11-20T14:53:44","date_gmt":"2014-11-20T12:53:44","guid":{"rendered":"http:\/\/www.sana.sy\/es\/?p=12882"},"modified":"2014-11-21T19:39:57","modified_gmt":"2014-11-21T17:39:57","slug":"parlamento-aprueba-un-proyecto-de-ley-sobre-la-organizacion-de-los-registros-judiciales","status":"publish","type":"post","link":"https:\/\/archive.sana.sy\/es\/?p=12882","title":{"rendered":"Parlamento aprueba un proyecto de ley sobre la organizaci\u00f3n de los registros judiciales"},"content":{"rendered":"<div><span style=\"color: #ff0000\">Damasco, SANA<\/span><\/div>\n<div><\/div>\n<div><span lang=\"ES\">La Asamblea del Pueblo aprob\u00f3 en su reuni\u00f3n celebrada este jueves, el proyecto de ley sobre la organizaci\u00f3n de los registros judiciales, electr\u00f3nicos y de papeles.<\/span><\/div>\n<div><\/div>\n<div><span lang=\"ES\">El ministro de Justicia, Nayem al-Ahmad, explic\u00f3 que la ley se inscribe en el marco de la automatizaci\u00f3n de la acci\u00f3n judicial y administrativa, pone normas y reglas para el trabajo asociado con los registros judiciales, sean electr\u00f3nicos y de papeles.<\/span><\/div>\n<div><\/div>\n<div><span lang=\"ES\">El ministro de Justicia opin\u00f3 que el ambiente judicial y administrativo son adecuados para el inicio de este proyecto con el fin de contribuir en el proceso de desarrollo y reforma judicial.&#8221;<\/span><\/div>\n<div><\/div>\n<div><span style=\"color: #00ccff\">Fady M., Hala B.<\/span><\/div>\n<div class=\"yj6qo ajU\">\n<div id=\":12a\" class=\"ajR\"><img decoding=\"async\" class=\"ajT\" src=\"https:\/\/ssl.gstatic.com\/ui\/v1\/icons\/mail\/images\/cleardot.gif\" alt=\"\" \/><\/div>\n<div class=\"ajR\"><\/div>\n<\/div>\n","protected":false},"excerpt":{"rendered":"<p>Damasco, SANA La Asamblea del Pueblo aprob\u00f3 en su reuni\u00f3n celebrada este jueves, el proyecto de ley sobre la organizaci\u00f3n de los registros judiciales, electr\u00f3nicos y de papeles. El ministro de Justicia, Nayem al-Ahmad, explic\u00f3 que la ley se inscribe en el marco de la automatizaci\u00f3n de la acci\u00f3n judicial y administrativa, pone normas y &hellip;<\/p>\n","protected":false},"author":1,"featured_media":12654,"comment_status":"closed","ping_status":"closed","sticky":false,"template":"","format":"standard","meta":{"footnotes":""},"categories":[597],"tags":[2909],"class_list":["post-12882","post","type-post","status-publish","format-standard","has-post-thumbnail","","category-cinta-de-noticias","tag-parlamento-aprueba-un-proyecto-de-ley-sobre-la-organizacion-de-los-registros-judiciales"],"_links":{"self":[{"href":"https:\/\/archive.sana.sy\/es\/index.php?rest_route=\/wp\/v2\/posts\/12882"}],"collection":[{"href":"https:\/\/archive.sana.sy\/es\/index.php?rest_route=\/wp\/v2\/posts"}],"about":[{"href":"https:\/\/archive.sana.sy\/es\/index.php?rest_route=\/wp\/v2\/types\/post"}],"author":[{"embeddable":true,"href":"https:\/\/archive.sana.sy\/es\/index.php?rest_route=\/wp\/v2\/users\/1"}],"replies":[{"embeddable":true,"href":"https:\/\/archive.sana.sy\/es\/index.php?rest_route=%2Fwp%2Fv2%2Fcomments&post=12882"}],"version-history":[{"count":0,"href":"https:\/\/archive.sana.sy\/es\/index.php?rest_route=\/wp\/v2\/posts\/12882\/revisions"}],"wp:featuredmedia":[{"embeddable":true,"href":"https:\/\/archive.sana.sy\/es\/index.php?rest_route=\/wp\/v2\/media\/12654"}],"wp:attachment":[{"href":"https:\/\/archive.sana.sy\/es\/index.php?rest_route=%2Fwp%2Fv2%2Fmedia&parent=12882"}],"wp:term":[{"taxonomy":"category","embeddable":true,"href":"https:\/\/archive.sana.sy\/es\/index.php?rest_route=%2Fwp%2Fv2%2Fcategories&post=12882"},{"taxonomy":"post_tag","embeddable":true,"href":"https:\/\/archive.sana.sy\/es\/index.php?rest_route=%2Fwp%2Fv2%2Ftags&post=12882"}],"curies":[{"name":"wp","href":"https:\/\/api.w.org\/{rel}","templated":true}]}}