{"id":128843,"date":"2020-01-30T18:31:30","date_gmt":"2020-01-30T16:31:30","guid":{"rendered":"http:\/\/sana.sy\/es\/?p=128843"},"modified":"2020-01-30T19:57:17","modified_gmt":"2020-01-30T17:57:17","slug":"en-fotos-ejercito-se-apodera-de-red-de-tuneles-cavados-por-terroristas-en-una-montana-al-sur-de-alepo","status":"publish","type":"post","link":"https:\/\/archive.sana.sy\/es\/?p=128843","title":{"rendered":"En fotos: Ej\u00e9rcito se apodera de red de t\u00faneles cavados por terroristas en una monta\u00f1a al sur de Alepo."},"content":{"rendered":"<p><strong><span style=\"color: #800000\">Alepo, SANA<\/span><\/strong><\/p>\n<p>Unidades del ej\u00e9rcito sirio lograron importantes avances en el frente de lucha contra el terrorismo en el sur de la provincia de Alepo.<\/p>\n<p>En la localidad de Khan Touman, los militares se apoderaron de una red de t\u00faneles cavados por los terroristas en el monte al-Sakher.<\/p>\n<div id='gallery-1' class='gallery galleryid-128843 gallery-columns-1 gallery-size-full'><figure class='gallery-item'>\n\t\t\t<div class='gallery-icon landscape'>\n\t\t\t\t<a href='https:\/\/archive.sana.sy\/es\/wp-content\/uploads\/2020\/01\/01-6-2-scaled-1.jpg'><img loading=\"lazy\" decoding=\"async\" width=\"2560\" height=\"1459\" src=\"https:\/\/archive.sana.sy\/es\/wp-content\/uploads\/2020\/01\/01-6-2-scaled-1.jpg\" class=\"attachment-full size-full\" alt=\"\" srcset=\"https:\/\/archive.sana.sy\/es\/wp-content\/uploads\/2020\/01\/01-6-2-scaled-1.jpg 2560w, https:\/\/archive.sana.sy\/es\/wp-content\/uploads\/2020\/01\/01-6-2-scaled-1-300x171.jpg 300w, https:\/\/archive.sana.sy\/es\/wp-content\/uploads\/2020\/01\/01-6-2-scaled-1-1024x584.jpg 1024w, https:\/\/archive.sana.sy\/es\/wp-content\/uploads\/2020\/01\/01-6-2-scaled-1-150x85.jpg 150w, https:\/\/archive.sana.sy\/es\/wp-content\/uploads\/2020\/01\/01-6-2-scaled-1-768x438.jpg 768w, https:\/\/archive.sana.sy\/es\/wp-content\/uploads\/2020\/01\/01-6-2-scaled-1-1536x875.jpg 1536w, https:\/\/archive.sana.sy\/es\/wp-content\/uploads\/2020\/01\/01-6-2-scaled-1-2048x1167.jpg 2048w\" sizes=\"(max-width: 2560px) 100vw, 2560px\" \/><\/a>\n\t\t\t<\/div><\/figure><figure class='gallery-item'>\n\t\t\t<div class='gallery-icon landscape'>\n\t\t\t\t<a href='https:\/\/archive.sana.sy\/es\/wp-content\/uploads\/2020\/01\/01-6-2-scaled-2.jpg'><img loading=\"lazy\" decoding=\"async\" width=\"2560\" height=\"1459\" src=\"https:\/\/archive.sana.sy\/es\/wp-content\/uploads\/2020\/01\/01-6-2-scaled-2.jpg\" class=\"attachment-full size-full\" alt=\"\" srcset=\"https:\/\/archive.sana.sy\/es\/wp-content\/uploads\/2020\/01\/01-6-2-scaled-2.jpg 2560w, https:\/\/archive.sana.sy\/es\/wp-content\/uploads\/2020\/01\/01-6-2-scaled-2-300x171.jpg 300w, https:\/\/archive.sana.sy\/es\/wp-content\/uploads\/2020\/01\/01-6-2-scaled-2-1024x584.jpg 1024w, https:\/\/archive.sana.sy\/es\/wp-content\/uploads\/2020\/01\/01-6-2-scaled-2-150x85.jpg 150w, https:\/\/archive.sana.sy\/es\/wp-content\/uploads\/2020\/01\/01-6-2-scaled-2-768x438.jpg 768w, https:\/\/archive.sana.sy\/es\/wp-content\/uploads\/2020\/01\/01-6-2-scaled-2-1536x875.jpg 1536w, https:\/\/archive.sana.sy\/es\/wp-content\/uploads\/2020\/01\/01-6-2-scaled-2-2048x1167.jpg 2048w\" sizes=\"(max-width: 2560px) 100vw, 2560px\" \/><\/a>\n\t\t\t<\/div><\/figure><figure class='gallery-item'>\n\t\t\t<div class='gallery-icon landscape'>\n\t\t\t\t<a href='https:\/\/archive.sana.sy\/es\/wp-content\/uploads\/2020\/01\/01-13-1-scaled-1.jpg'><img loading=\"lazy\" decoding=\"async\" width=\"2560\" height=\"1706\" src=\"https:\/\/archive.sana.sy\/es\/wp-content\/uploads\/2020\/01\/01-13-1-scaled-1.jpg\" class=\"attachment-full size-full\" alt=\"\" srcset=\"https:\/\/archive.sana.sy\/es\/wp-content\/uploads\/2020\/01\/01-13-1-scaled-1.jpg 2560w, https:\/\/archive.sana.sy\/es\/wp-content\/uploads\/2020\/01\/01-13-1-scaled-1-300x200.jpg 300w, https:\/\/archive.sana.sy\/es\/wp-content\/uploads\/2020\/01\/01-13-1-scaled-1-1024x682.jpg 1024w, https:\/\/archive.sana.sy\/es\/wp-content\/uploads\/2020\/01\/01-13-1-scaled-1-150x100.jpg 150w, https:\/\/archive.sana.sy\/es\/wp-content\/uploads\/2020\/01\/01-13-1-scaled-1-768x512.jpg 768w, https:\/\/archive.sana.sy\/es\/wp-content\/uploads\/2020\/01\/01-13-1-scaled-1-1536x1024.jpg 1536w, https:\/\/archive.sana.sy\/es\/wp-content\/uploads\/2020\/01\/01-13-1-scaled-1-2048x1365.jpg 2048w\" sizes=\"(max-width: 2560px) 100vw, 2560px\" \/><\/a>\n\t\t\t<\/div><\/figure><figure class='gallery-item'>\n\t\t\t<div class='gallery-icon landscape'>\n\t\t\t\t<a href='https:\/\/archive.sana.sy\/es\/wp-content\/uploads\/2020\/01\/01-14-1-scaled-1.jpg'><img loading=\"lazy\" decoding=\"async\" width=\"2560\" height=\"1703\" src=\"https:\/\/archive.sana.sy\/es\/wp-content\/uploads\/2020\/01\/01-14-1-scaled-1.jpg\" class=\"attachment-full size-full\" alt=\"\" srcset=\"https:\/\/archive.sana.sy\/es\/wp-content\/uploads\/2020\/01\/01-14-1-scaled-1.jpg 2560w, https:\/\/archive.sana.sy\/es\/wp-content\/uploads\/2020\/01\/01-14-1-scaled-1-300x200.jpg 300w, https:\/\/archive.sana.sy\/es\/wp-content\/uploads\/2020\/01\/01-14-1-scaled-1-1024x681.jpg 1024w, https:\/\/archive.sana.sy\/es\/wp-content\/uploads\/2020\/01\/01-14-1-scaled-1-150x100.jpg 150w, https:\/\/archive.sana.sy\/es\/wp-content\/uploads\/2020\/01\/01-14-1-scaled-1-768x511.jpg 768w, https:\/\/archive.sana.sy\/es\/wp-content\/uploads\/2020\/01\/01-14-1-scaled-1-1536x1022.jpg 1536w, https:\/\/archive.sana.sy\/es\/wp-content\/uploads\/2020\/01\/01-14-1-scaled-1-2048x1362.jpg 2048w, https:\/\/archive.sana.sy\/es\/wp-content\/uploads\/2020\/01\/01-14-1-scaled-1-310x205.jpg 310w\" sizes=\"(max-width: 2560px) 100vw, 2560px\" \/><\/a>\n\t\t\t<\/div><\/figure><figure class='gallery-item'>\n\t\t\t<div class='gallery-icon landscape'>\n\t\t\t\t<a href='https:\/\/archive.sana.sy\/es\/wp-content\/uploads\/2020\/01\/01-5-2-scaled-1.jpg'><img loading=\"lazy\" decoding=\"async\" width=\"2560\" height=\"1460\" src=\"https:\/\/archive.sana.sy\/es\/wp-content\/uploads\/2020\/01\/01-5-2-scaled-1.jpg\" class=\"attachment-full size-full\" alt=\"\" srcset=\"https:\/\/archive.sana.sy\/es\/wp-content\/uploads\/2020\/01\/01-5-2-scaled-1.jpg 2560w, https:\/\/archive.sana.sy\/es\/wp-content\/uploads\/2020\/01\/01-5-2-scaled-1-300x171.jpg 300w, https:\/\/archive.sana.sy\/es\/wp-content\/uploads\/2020\/01\/01-5-2-scaled-1-1024x584.jpg 1024w, https:\/\/archive.sana.sy\/es\/wp-content\/uploads\/2020\/01\/01-5-2-scaled-1-150x86.jpg 150w, https:\/\/archive.sana.sy\/es\/wp-content\/uploads\/2020\/01\/01-5-2-scaled-1-768x438.jpg 768w, https:\/\/archive.sana.sy\/es\/wp-content\/uploads\/2020\/01\/01-5-2-scaled-1-1536x876.jpg 1536w, https:\/\/archive.sana.sy\/es\/wp-content\/uploads\/2020\/01\/01-5-2-scaled-1-2048x1168.jpg 2048w\" sizes=\"(max-width: 2560px) 100vw, 2560px\" \/><\/a>\n\t\t\t<\/div><\/figure><figure class='gallery-item'>\n\t\t\t<div class='gallery-icon landscape'>\n\t\t\t\t<a href='https:\/\/archive.sana.sy\/es\/wp-content\/uploads\/2020\/01\/01-9-2-scaled-1.jpg'><img loading=\"lazy\" decoding=\"async\" width=\"2560\" height=\"1706\" src=\"https:\/\/archive.sana.sy\/es\/wp-content\/uploads\/2020\/01\/01-9-2-scaled-1.jpg\" class=\"attachment-full size-full\" alt=\"\" srcset=\"https:\/\/archive.sana.sy\/es\/wp-content\/uploads\/2020\/01\/01-9-2-scaled-1.jpg 2560w, https:\/\/archive.sana.sy\/es\/wp-content\/uploads\/2020\/01\/01-9-2-scaled-1-300x200.jpg 300w, https:\/\/archive.sana.sy\/es\/wp-content\/uploads\/2020\/01\/01-9-2-scaled-1-1024x682.jpg 1024w, https:\/\/archive.sana.sy\/es\/wp-content\/uploads\/2020\/01\/01-9-2-scaled-1-150x100.jpg 150w, https:\/\/archive.sana.sy\/es\/wp-content\/uploads\/2020\/01\/01-9-2-scaled-1-768x512.jpg 768w, https:\/\/archive.sana.sy\/es\/wp-content\/uploads\/2020\/01\/01-9-2-scaled-1-1536x1024.jpg 1536w, https:\/\/archive.sana.sy\/es\/wp-content\/uploads\/2020\/01\/01-9-2-scaled-1-2048x1365.jpg 2048w\" sizes=\"(max-width: 2560px) 100vw, 2560px\" \/><\/a>\n\t\t\t<\/div><\/figure>\n\t\t<\/div>\n\n<p><strong><span style=\"color: #0000ff\">F.M<\/span><\/strong><\/p>\n","protected":false},"excerpt":{"rendered":"<p>Alepo, SANA Unidades del ej\u00e9rcito sirio lograron importantes avances en el frente de lucha contra el terrorismo en el sur de la provincia de Alepo. En la localidad de Khan Touman, los militares se apoderaron de una red de t\u00faneles cavados por los terroristas en el monte al-Sakher. F.M<\/p>\n","protected":false},"author":34,"featured_media":128850,"comment_status":"closed","ping_status":"closed","sticky":false,"template":"","format":"standard","meta":{"footnotes":""},"categories":[597,573,476,583],"tags":[],"class_list":["post-128843","post","type-post","status-publish","format-standard","has-post-thumbnail","","category-cinta-de-noticias","category-la-realidad-de-los-acontecimientos-en-siria","category-locales","category-slide"],"_links":{"self":[{"href":"https:\/\/archive.sana.sy\/es\/index.php?rest_route=\/wp\/v2\/posts\/128843"}],"collection":[{"href":"https:\/\/archive.sana.sy\/es\/index.php?rest_route=\/wp\/v2\/posts"}],"about":[{"href":"https:\/\/archive.sana.sy\/es\/index.php?rest_route=\/wp\/v2\/types\/post"}],"author":[{"embeddable":true,"href":"https:\/\/archive.sana.sy\/es\/index.php?rest_route=\/wp\/v2\/users\/34"}],"replies":[{"embeddable":true,"href":"https:\/\/archive.sana.sy\/es\/index.php?rest_route=%2Fwp%2Fv2%2Fcomments&post=128843"}],"version-history":[{"count":0,"href":"https:\/\/archive.sana.sy\/es\/index.php?rest_route=\/wp\/v2\/posts\/128843\/revisions"}],"wp:featuredmedia":[{"embeddable":true,"href":"https:\/\/archive.sana.sy\/es\/index.php?rest_route=\/wp\/v2\/media\/128850"}],"wp:attachment":[{"href":"https:\/\/archive.sana.sy\/es\/index.php?rest_route=%2Fwp%2Fv2%2Fmedia&parent=128843"}],"wp:term":[{"taxonomy":"category","embeddable":true,"href":"https:\/\/archive.sana.sy\/es\/index.php?rest_route=%2Fwp%2Fv2%2Fcategories&post=128843"},{"taxonomy":"post_tag","embeddable":true,"href":"https:\/\/archive.sana.sy\/es\/index.php?rest_route=%2Fwp%2Fv2%2Ftags&post=128843"}],"curies":[{"name":"wp","href":"https:\/\/api.w.org\/{rel}","templated":true}]}}