{"id":128852,"date":"2020-01-30T19:52:25","date_gmt":"2020-01-30T17:52:25","guid":{"rendered":"http:\/\/sana.sy\/es\/?p=128852"},"modified":"2020-01-30T19:52:25","modified_gmt":"2020-01-30T17:52:25","slug":"zajarova-el-arreglo-de-la-crisis-de-siria-de-conformidad-con-el-formato-de-astana-y-acuerdos-de-sochi","status":"publish","type":"post","link":"https:\/\/archive.sana.sy\/es\/?p=128852","title":{"rendered":"Zajarova: El arreglo de la crisis de Siria de conformidad con el formato de Astan\u00e1 y acuerdos de Sochi"},"content":{"rendered":"<p>Mosc\u00fa-SANA<\/p>\n<p>Rusia reiter\u00f3 su compromiso con sus obligaciones con respecto al arreglo de la crisis de Siria en el marco d las conversaciones de Astan\u00e1 y los acuerdos de Sochi.<\/p>\n<p>La portavoz de la canciller\u00eda rusa Mar\u00eda Zajarova dijo a periodistas que \u00a8Mosc\u00fa est\u00e1 comprometida con sus obligaciones en cuanto al arreglo de la crisis de Siria\u00a8.<\/p>\n<p>Las declaraciones de Zajarova se produjeron en respuesta a las alegaciones del presidente del r\u00e9gimen turco quien hab\u00eda comentado anteriormente que \u00a8Rusia no estaba cumpliendo con sus obligaciones en el marco de los acuerdos de Astan\u00e1 y Sochi\u00a8.<\/p>\n<p>Y.K.<\/p>\n","protected":false},"excerpt":{"rendered":"<p>Mosc\u00fa-SANA Rusia reiter\u00f3 su compromiso con sus obligaciones con respecto al arreglo de la crisis de Siria en el marco d las conversaciones de Astan\u00e1 y los acuerdos de Sochi. La portavoz de la canciller\u00eda rusa Mar\u00eda Zajarova dijo a periodistas que \u00a8Mosc\u00fa est\u00e1 comprometida con sus obligaciones en cuanto al arreglo de la crisis &hellip;<\/p>\n","protected":false},"author":1,"featured_media":0,"comment_status":"closed","ping_status":"closed","sticky":false,"template":"","format":"standard","meta":{"footnotes":""},"categories":[1],"tags":[],"class_list":["post-128852","post","type-post","status-publish","format-standard","","category-news-not-sorted"],"_links":{"self":[{"href":"https:\/\/archive.sana.sy\/es\/index.php?rest_route=\/wp\/v2\/posts\/128852"}],"collection":[{"href":"https:\/\/archive.sana.sy\/es\/index.php?rest_route=\/wp\/v2\/posts"}],"about":[{"href":"https:\/\/archive.sana.sy\/es\/index.php?rest_route=\/wp\/v2\/types\/post"}],"author":[{"embeddable":true,"href":"https:\/\/archive.sana.sy\/es\/index.php?rest_route=\/wp\/v2\/users\/1"}],"replies":[{"embeddable":true,"href":"https:\/\/archive.sana.sy\/es\/index.php?rest_route=%2Fwp%2Fv2%2Fcomments&post=128852"}],"version-history":[{"count":0,"href":"https:\/\/archive.sana.sy\/es\/index.php?rest_route=\/wp\/v2\/posts\/128852\/revisions"}],"wp:attachment":[{"href":"https:\/\/archive.sana.sy\/es\/index.php?rest_route=%2Fwp%2Fv2%2Fmedia&parent=128852"}],"wp:term":[{"taxonomy":"category","embeddable":true,"href":"https:\/\/archive.sana.sy\/es\/index.php?rest_route=%2Fwp%2Fv2%2Fcategories&post=128852"},{"taxonomy":"post_tag","embeddable":true,"href":"https:\/\/archive.sana.sy\/es\/index.php?rest_route=%2Fwp%2Fv2%2Ftags&post=128852"}],"curies":[{"name":"wp","href":"https:\/\/api.w.org\/{rel}","templated":true}]}}