{"id":12890,"date":"2014-11-20T14:30:02","date_gmt":"2014-11-20T12:30:02","guid":{"rendered":"http:\/\/www.sana.sy\/es\/?p=12890"},"modified":"2014-11-20T16:31:09","modified_gmt":"2014-11-20T14:31:09","slug":"fuerzas-iraquies-avanzan-en-sus-combates-contra-los-grupos-terroristas-del-ei","status":"publish","type":"post","link":"https:\/\/archive.sana.sy\/es\/?p=12890","title":{"rendered":"Fuerzas iraqu\u00edes avanzan en sus combates contra los grupos terroristas del EI"},"content":{"rendered":"<p>Bagdad, SANA<br \/>\nEl ej\u00e9rcito iraqu\u00ed anunci\u00f3 que sus tropas apoyadas por fuerzas populares, entraron en el municipio de Heet, al oeste de la provincia de Anbar.<\/p>\n<p>Una fuente militar indic\u00f3 que las fuerzas iraqu\u00edes tuvieron \u00e9xito en limpiar las zonas de Boukikh y al-Jazeera de las bandas terroristas del Estado Isl\u00e1mico, liquidando a 46 de sus integrantes y arrestando a tres cabecillas de la organizaci\u00f3n terrorista mientras intentaban escapar vestidos de ropas de mujer.<\/p>\n<p>Por su parte, un comandante de polic\u00eda anunci\u00f3 la muerte de seis miembros del EI en enfrentamientos en la zona de Daluyiah.<\/p>\n<p>Mientras tanto, violentos enfrentamientos estallaron entre el ej\u00e9rcito y los terroristas del EI al este de Ramadi, mientras un n\u00famero de terroristas perdieron la vida en los violentos enfrentamientos que se estallaron con las fuerzas iraqu\u00edes despu\u00e9s de que los terroristas lanzaran un ataque contra el sur de Tikrit.<\/p>\n<p>Al sur-oeste de Faluya, en la provincia de Anbar, las fuerzas iraqu\u00edes eliminaron y capturaron a decenas de terroristas de la organizaci\u00f3n del EI.<\/p>\n<p>Fady M., Lynn A.<\/p>\n","protected":false},"excerpt":{"rendered":"<p>Bagdad, SANA El ej\u00e9rcito iraqu\u00ed anunci\u00f3 que sus tropas apoyadas por fuerzas populares, entraron en el municipio de Heet, al oeste de la provincia de Anbar. Una fuente militar indic\u00f3 que las fuerzas iraqu\u00edes tuvieron \u00e9xito en limpiar las zonas de Boukikh y al-Jazeera de las bandas terroristas del Estado Isl\u00e1mico, liquidando a 46 de &hellip;<\/p>\n","protected":false},"author":24,"featured_media":12891,"comment_status":"closed","ping_status":"closed","sticky":false,"template":"","format":"standard","meta":{"footnotes":""},"categories":[597,456,457,576],"tags":[2912],"class_list":["post-12890","post","type-post","status-publish","format-standard","has-post-thumbnail","","category-cinta-de-noticias","category-arabe-internacional-politica","category-noticias-arabe-internacional-politica","category-noticias-politicas","tag-fuerzas-iraquies-avanzan-en-sus-combates-contra-los-grupos-terroristas-del-ei"],"_links":{"self":[{"href":"https:\/\/archive.sana.sy\/es\/index.php?rest_route=\/wp\/v2\/posts\/12890"}],"collection":[{"href":"https:\/\/archive.sana.sy\/es\/index.php?rest_route=\/wp\/v2\/posts"}],"about":[{"href":"https:\/\/archive.sana.sy\/es\/index.php?rest_route=\/wp\/v2\/types\/post"}],"author":[{"embeddable":true,"href":"https:\/\/archive.sana.sy\/es\/index.php?rest_route=\/wp\/v2\/users\/24"}],"replies":[{"embeddable":true,"href":"https:\/\/archive.sana.sy\/es\/index.php?rest_route=%2Fwp%2Fv2%2Fcomments&post=12890"}],"version-history":[{"count":0,"href":"https:\/\/archive.sana.sy\/es\/index.php?rest_route=\/wp\/v2\/posts\/12890\/revisions"}],"wp:featuredmedia":[{"embeddable":true,"href":"https:\/\/archive.sana.sy\/es\/index.php?rest_route=\/wp\/v2\/media\/12891"}],"wp:attachment":[{"href":"https:\/\/archive.sana.sy\/es\/index.php?rest_route=%2Fwp%2Fv2%2Fmedia&parent=12890"}],"wp:term":[{"taxonomy":"category","embeddable":true,"href":"https:\/\/archive.sana.sy\/es\/index.php?rest_route=%2Fwp%2Fv2%2Fcategories&post=12890"},{"taxonomy":"post_tag","embeddable":true,"href":"https:\/\/archive.sana.sy\/es\/index.php?rest_route=%2Fwp%2Fv2%2Ftags&post=12890"}],"curies":[{"name":"wp","href":"https:\/\/api.w.org\/{rel}","templated":true}]}}