{"id":128929,"date":"2020-01-31T19:03:26","date_gmt":"2020-01-31T17:03:26","guid":{"rendered":"http:\/\/sana.sy\/es\/?p=128929"},"modified":"2020-01-31T21:25:42","modified_gmt":"2020-01-31T19:25:42","slug":"recuperan-antiguedades-que-fueron-escondidas-en-un-lugar-secreto-el-museo-de-maarat-al-numan","status":"publish","type":"post","link":"https:\/\/archive.sana.sy\/es\/?p=128929","title":{"rendered":"Recuperan antig\u00fcedades que fueron guardadas en un lugar secreto en el Museo de Maarat al-Nouman"},"content":{"rendered":"<p style=\"text-align: justify;\"><span style=\"color: #800000;\">Idleb, SANA<\/span><\/p>\n<p style=\"text-align: justify;\">Tras la liberaci\u00f3n de la ciudad de Maarat al-Nouman en la provincia de Idleb, a 330 km al norte de la capital Damasco, el Departamento de Arqueolog\u00eda de esta gobernaci\u00f3n recuper\u00f3 una gran cantidad de piezas arqueol\u00f3gicas que fueron escondidas en el museo de dicha urbe.<\/p>\n<p style=\"text-align: justify;\">El director del Departamento de Antig\u00fcedades de Idleb, Ghazi Alulu, declar\u00f3 a SANA que antes de que los terroristas ingresaran a la ciudad de Maarat al-Nouman, el personal del Departamento logr\u00f3 recolectar las antig\u00fcedades exhibidas en el museo de la misma ciudad y transportarlas a un s\u00f3tano secreto que se encuentra en el museo, con fin de preservarlas de ser saqueadas por los terroristas.<\/p>\n<p style=\"text-align: justify;\">\u201cLas antig\u00fcedades que fueron recuperadas el mi\u00e9rcoles estaban en buena condici\u00f3n\u201d, detall\u00f3.<\/p>\n<p style=\"text-align: justify;\">Seg\u00fan el director, las antig\u00fcedades incluyen piezas de cer\u00e1mica y otras tradicionales de bronce y cobre que se exhibieron durante 20 a\u00f1os por el Departamento de Antig\u00fcedades en Maarat al-Nouman, y datan de diferentes \u00e9pocas hist\u00f3ricas.<\/p>\n<p style=\"text-align: justify;\">Mahmoud Hammoud, director general del Departamento de Antig\u00fcedades y Museos, explic\u00f3 a SANA que el personal del Departamento evalu\u00f3 los da\u00f1os causados por terroristas en el Museo Maarat al-Nouman para comenzar las obras de rehabilitaci\u00f3n directamente, por miedo de algunos colapsos en una parte del Museo.<\/p>\n<p style=\"text-align: justify;\">Hammoud revel\u00f3 que las piezas de mosaico albergadas en el museo est\u00e1n tambi\u00e9n en buen estado.<\/p>\n<p style=\"text-align: justify;\">El museo fue abierto en el a\u00f1o 1982 y es uno de los m\u00e1s importantes de la regi\u00f3n por los tesoros que alberga.<\/p>\n<p style=\"text-align: justify;\"><span style=\"color: #0000ff;\">RR\/ MM\/ FM<\/span><\/p>\n<div id='gallery-1' class='gallery galleryid-128929 gallery-columns-2 gallery-size-medium'><figure class='gallery-item'>\n\t\t\t<div class='gallery-icon landscape'>\n\t\t\t\t<a href='https:\/\/archive.sana.sy\/es\/wp-content\/uploads\/2020\/01\/8-1-2-scaled.jpg'><img loading=\"lazy\" decoding=\"async\" width=\"300\" height=\"200\" src=\"https:\/\/archive.sana.sy\/es\/wp-content\/uploads\/2020\/01\/8-1-2-300x200.jpg\" class=\"attachment-medium size-medium\" alt=\"\" srcset=\"https:\/\/archive.sana.sy\/es\/wp-content\/uploads\/2020\/01\/8-1-2-300x200.jpg 300w, https:\/\/archive.sana.sy\/es\/wp-content\/uploads\/2020\/01\/8-1-2-1024x682.jpg 1024w, https:\/\/archive.sana.sy\/es\/wp-content\/uploads\/2020\/01\/8-1-2-150x100.jpg 150w, https:\/\/archive.sana.sy\/es\/wp-content\/uploads\/2020\/01\/8-1-2-768x511.jpg 768w, https:\/\/archive.sana.sy\/es\/wp-content\/uploads\/2020\/01\/8-1-2-1536x1023.jpg 1536w, https:\/\/archive.sana.sy\/es\/wp-content\/uploads\/2020\/01\/8-1-2-2048x1364.jpg 2048w\" sizes=\"(max-width: 300px) 100vw, 300px\" \/><\/a>\n\t\t\t<\/div><\/figure><figure class='gallery-item'>\n\t\t\t<div class='gallery-icon landscape'>\n\t\t\t\t<a href='https:\/\/archive.sana.sy\/es\/wp-content\/uploads\/2020\/01\/8-2-1-scaled.jpg'><img loading=\"lazy\" decoding=\"async\" width=\"300\" height=\"190\" src=\"https:\/\/archive.sana.sy\/es\/wp-content\/uploads\/2020\/01\/8-2-1-300x190.jpg\" class=\"attachment-medium size-medium\" alt=\"\" srcset=\"https:\/\/archive.sana.sy\/es\/wp-content\/uploads\/2020\/01\/8-2-1-300x190.jpg 300w, https:\/\/archive.sana.sy\/es\/wp-content\/uploads\/2020\/01\/8-2-1-1024x647.jpg 1024w, https:\/\/archive.sana.sy\/es\/wp-content\/uploads\/2020\/01\/8-2-1-150x95.jpg 150w, https:\/\/archive.sana.sy\/es\/wp-content\/uploads\/2020\/01\/8-2-1-768x486.jpg 768w, https:\/\/archive.sana.sy\/es\/wp-content\/uploads\/2020\/01\/8-2-1-1536x971.jpg 1536w, https:\/\/archive.sana.sy\/es\/wp-content\/uploads\/2020\/01\/8-2-1-2048x1295.jpg 2048w\" sizes=\"(max-width: 300px) 100vw, 300px\" \/><\/a>\n\t\t\t<\/div><\/figure><figure class='gallery-item'>\n\t\t\t<div class='gallery-icon landscape'>\n\t\t\t\t<a href='https:\/\/archive.sana.sy\/es\/wp-content\/uploads\/2020\/01\/8-3-scaled.jpg'><img loading=\"lazy\" decoding=\"async\" width=\"300\" height=\"205\" src=\"https:\/\/archive.sana.sy\/es\/wp-content\/uploads\/2020\/01\/8-3-300x205.jpg\" class=\"attachment-medium size-medium\" alt=\"\" srcset=\"https:\/\/archive.sana.sy\/es\/wp-content\/uploads\/2020\/01\/8-3-300x205.jpg 300w, https:\/\/archive.sana.sy\/es\/wp-content\/uploads\/2020\/01\/8-3-1024x701.jpg 1024w, https:\/\/archive.sana.sy\/es\/wp-content\/uploads\/2020\/01\/8-3-150x103.jpg 150w, https:\/\/archive.sana.sy\/es\/wp-content\/uploads\/2020\/01\/8-3-768x526.jpg 768w, https:\/\/archive.sana.sy\/es\/wp-content\/uploads\/2020\/01\/8-3-1536x1051.jpg 1536w, https:\/\/archive.sana.sy\/es\/wp-content\/uploads\/2020\/01\/8-3-2048x1402.jpg 2048w, https:\/\/archive.sana.sy\/es\/wp-content\/uploads\/2020\/01\/8-3-110x75.jpg 110w\" sizes=\"(max-width: 300px) 100vw, 300px\" \/><\/a>\n\t\t\t<\/div><\/figure><figure class='gallery-item'>\n\t\t\t<div class='gallery-icon landscape'>\n\t\t\t\t<a href='https:\/\/archive.sana.sy\/es\/wp-content\/uploads\/2020\/01\/8-4-scaled.jpg'><img loading=\"lazy\" decoding=\"async\" width=\"300\" height=\"197\" src=\"https:\/\/archive.sana.sy\/es\/wp-content\/uploads\/2020\/01\/8-4-300x197.jpg\" class=\"attachment-medium size-medium\" alt=\"\" srcset=\"https:\/\/archive.sana.sy\/es\/wp-content\/uploads\/2020\/01\/8-4-300x197.jpg 300w, https:\/\/archive.sana.sy\/es\/wp-content\/uploads\/2020\/01\/8-4-1024x672.jpg 1024w, https:\/\/archive.sana.sy\/es\/wp-content\/uploads\/2020\/01\/8-4-150x98.jpg 150w, https:\/\/archive.sana.sy\/es\/wp-content\/uploads\/2020\/01\/8-4-768x504.jpg 768w, https:\/\/archive.sana.sy\/es\/wp-content\/uploads\/2020\/01\/8-4-1536x1008.jpg 1536w, https:\/\/archive.sana.sy\/es\/wp-content\/uploads\/2020\/01\/8-4-2048x1344.jpg 2048w, https:\/\/archive.sana.sy\/es\/wp-content\/uploads\/2020\/01\/8-4-310x205.jpg 310w\" sizes=\"(max-width: 300px) 100vw, 300px\" \/><\/a>\n\t\t\t<\/div><\/figure><figure class='gallery-item'>\n\t\t\t<div class='gallery-icon landscape'>\n\t\t\t\t<a href='https:\/\/archive.sana.sy\/es\/wp-content\/uploads\/2020\/01\/8-8-scaled.jpg'><img loading=\"lazy\" decoding=\"async\" width=\"300\" height=\"176\" src=\"https:\/\/archive.sana.sy\/es\/wp-content\/uploads\/2020\/01\/8-8-300x176.jpg\" class=\"attachment-medium size-medium\" alt=\"\" srcset=\"https:\/\/archive.sana.sy\/es\/wp-content\/uploads\/2020\/01\/8-8-300x176.jpg 300w, https:\/\/archive.sana.sy\/es\/wp-content\/uploads\/2020\/01\/8-8-1024x602.jpg 1024w, https:\/\/archive.sana.sy\/es\/wp-content\/uploads\/2020\/01\/8-8-150x88.jpg 150w, https:\/\/archive.sana.sy\/es\/wp-content\/uploads\/2020\/01\/8-8-768x451.jpg 768w, https:\/\/archive.sana.sy\/es\/wp-content\/uploads\/2020\/01\/8-8-1536x903.jpg 1536w, https:\/\/archive.sana.sy\/es\/wp-content\/uploads\/2020\/01\/8-8-2048x1203.jpg 2048w\" sizes=\"(max-width: 300px) 100vw, 300px\" \/><\/a>\n\t\t\t<\/div><\/figure><figure class='gallery-item'>\n\t\t\t<div class='gallery-icon landscape'>\n\t\t\t\t<a href='https:\/\/archive.sana.sy\/es\/wp-content\/uploads\/2020\/01\/8-9-scaled.jpg'><img loading=\"lazy\" decoding=\"async\" width=\"300\" height=\"194\" src=\"https:\/\/archive.sana.sy\/es\/wp-content\/uploads\/2020\/01\/8-9-300x194.jpg\" class=\"attachment-medium size-medium\" alt=\"\" srcset=\"https:\/\/archive.sana.sy\/es\/wp-content\/uploads\/2020\/01\/8-9-300x194.jpg 300w, https:\/\/archive.sana.sy\/es\/wp-content\/uploads\/2020\/01\/8-9-1024x662.jpg 1024w, https:\/\/archive.sana.sy\/es\/wp-content\/uploads\/2020\/01\/8-9-150x97.jpg 150w, https:\/\/archive.sana.sy\/es\/wp-content\/uploads\/2020\/01\/8-9-768x497.jpg 768w, https:\/\/archive.sana.sy\/es\/wp-content\/uploads\/2020\/01\/8-9-1536x994.jpg 1536w, https:\/\/archive.sana.sy\/es\/wp-content\/uploads\/2020\/01\/8-9-2048x1325.jpg 2048w\" sizes=\"(max-width: 300px) 100vw, 300px\" \/><\/a>\n\t\t\t<\/div><\/figure><figure class='gallery-item'>\n\t\t\t<div class='gallery-icon portrait'>\n\t\t\t\t<a href='https:\/\/archive.sana.sy\/es\/wp-content\/uploads\/2020\/01\/8-7-1-scaled.jpg'><img loading=\"lazy\" decoding=\"async\" width=\"211\" height=\"300\" src=\"https:\/\/archive.sana.sy\/es\/wp-content\/uploads\/2020\/01\/8-7-1-211x300.jpg\" class=\"attachment-medium size-medium\" alt=\"\" srcset=\"https:\/\/archive.sana.sy\/es\/wp-content\/uploads\/2020\/01\/8-7-1-211x300.jpg 211w, https:\/\/archive.sana.sy\/es\/wp-content\/uploads\/2020\/01\/8-7-1-720x1024.jpg 720w, https:\/\/archive.sana.sy\/es\/wp-content\/uploads\/2020\/01\/8-7-1-105x150.jpg 105w, https:\/\/archive.sana.sy\/es\/wp-content\/uploads\/2020\/01\/8-7-1-768x1092.jpg 768w, https:\/\/archive.sana.sy\/es\/wp-content\/uploads\/2020\/01\/8-7-1-1080x1536.jpg 1080w, https:\/\/archive.sana.sy\/es\/wp-content\/uploads\/2020\/01\/8-7-1-1440x2048.jpg 1440w, https:\/\/archive.sana.sy\/es\/wp-content\/uploads\/2020\/01\/8-7-1-scaled.jpg 1800w\" sizes=\"(max-width: 211px) 100vw, 211px\" \/><\/a>\n\t\t\t<\/div><\/figure>\n\t\t<\/div>\n\n","protected":false},"excerpt":{"rendered":"<p>Idleb, SANA Tras la liberaci\u00f3n de la ciudad de Maarat al-Nouman en la provincia de Idleb, a 330 km al norte de la capital Damasco, el Departamento de Arqueolog\u00eda de esta gobernaci\u00f3n recuper\u00f3 una gran cantidad de piezas arqueol\u00f3gicas que fueron escondidas en el museo de dicha urbe. El director del Departamento de Antig\u00fcedades de &hellip;<\/p>\n","protected":false},"author":31,"featured_media":128930,"comment_status":"closed","ping_status":"closed","sticky":false,"template":"","format":"standard","meta":{"footnotes":""},"categories":[597,476,7541],"tags":[],"class_list":["post-128929","post","type-post","status-publish","format-standard","has-post-thumbnail","","category-cinta-de-noticias","category-locales","category-ultimas-noticias"],"_links":{"self":[{"href":"https:\/\/archive.sana.sy\/es\/index.php?rest_route=\/wp\/v2\/posts\/128929"}],"collection":[{"href":"https:\/\/archive.sana.sy\/es\/index.php?rest_route=\/wp\/v2\/posts"}],"about":[{"href":"https:\/\/archive.sana.sy\/es\/index.php?rest_route=\/wp\/v2\/types\/post"}],"author":[{"embeddable":true,"href":"https:\/\/archive.sana.sy\/es\/index.php?rest_route=\/wp\/v2\/users\/31"}],"replies":[{"embeddable":true,"href":"https:\/\/archive.sana.sy\/es\/index.php?rest_route=%2Fwp%2Fv2%2Fcomments&post=128929"}],"version-history":[{"count":0,"href":"https:\/\/archive.sana.sy\/es\/index.php?rest_route=\/wp\/v2\/posts\/128929\/revisions"}],"wp:featuredmedia":[{"embeddable":true,"href":"https:\/\/archive.sana.sy\/es\/index.php?rest_route=\/wp\/v2\/media\/128930"}],"wp:attachment":[{"href":"https:\/\/archive.sana.sy\/es\/index.php?rest_route=%2Fwp%2Fv2%2Fmedia&parent=128929"}],"wp:term":[{"taxonomy":"category","embeddable":true,"href":"https:\/\/archive.sana.sy\/es\/index.php?rest_route=%2Fwp%2Fv2%2Fcategories&post=128929"},{"taxonomy":"post_tag","embeddable":true,"href":"https:\/\/archive.sana.sy\/es\/index.php?rest_route=%2Fwp%2Fv2%2Ftags&post=128929"}],"curies":[{"name":"wp","href":"https:\/\/api.w.org\/{rel}","templated":true}]}}