{"id":128947,"date":"2020-01-31T21:24:42","date_gmt":"2020-01-31T19:24:42","guid":{"rendered":"http:\/\/sana.sy\/es\/?p=128947"},"modified":"2020-01-31T21:24:42","modified_gmt":"2020-01-31T19:24:42","slug":"bombardeos-terroristas-dejan-danos-materiales-en-alepo","status":"publish","type":"post","link":"https:\/\/archive.sana.sy\/es\/?p=128947","title":{"rendered":"Bombardeos terroristas dejan da\u00f1os materiales en Alepo"},"content":{"rendered":"<p><span style=\"color: #800000;\">Alepo, SANA <\/span><\/p>\n<p style=\"text-align: justify;\">Las organizaciones terroristas desplegadas en el oeste de la provincia de Alepo, a 355 km al norte de la capital Damasco, siguen bombardeando las zonas residenciales con diferentes tipos de proyectiles, seg\u00fan inform\u00f3 el reportero de SANA.<\/p>\n<p style=\"text-align: justify;\">De acuerdo con la fuente, el barrio residencial de Salah al-Deen en Alepo fue blanco de agresi\u00f3n terrorista, donde cayeron varios cohetes provocando da\u00f1os materiales a las propiedades p\u00fablicas y privadas, sin registrar p\u00e9rdidas humanas.<\/p>\n<p style=\"text-align: justify;\">El 23 de este mes, una ni\u00f1a result\u00f3 herida por un ataque terrorista con cohetes al barrio Yamiyat al-Zahraa en la ciudad de Alepo.<\/p>\n<p><span style=\"color: #0000ff;\">RR\/ MM<\/span><\/p>\n","protected":false},"excerpt":{"rendered":"<p>Alepo, SANA Las organizaciones terroristas desplegadas en el oeste de la provincia de Alepo, a 355 km al norte de la capital Damasco, siguen bombardeando las zonas residenciales con diferentes tipos de proyectiles, seg\u00fan inform\u00f3 el reportero de SANA. De acuerdo con la fuente, el barrio residencial de Salah al-Deen en Alepo fue blanco de &hellip;<\/p>\n","protected":false},"author":31,"featured_media":128948,"comment_status":"closed","ping_status":"closed","sticky":false,"template":"","format":"standard","meta":{"footnotes":""},"categories":[597,573,7541],"tags":[],"class_list":["post-128947","post","type-post","status-publish","format-standard","has-post-thumbnail","","category-cinta-de-noticias","category-la-realidad-de-los-acontecimientos-en-siria","category-ultimas-noticias"],"_links":{"self":[{"href":"https:\/\/archive.sana.sy\/es\/index.php?rest_route=\/wp\/v2\/posts\/128947"}],"collection":[{"href":"https:\/\/archive.sana.sy\/es\/index.php?rest_route=\/wp\/v2\/posts"}],"about":[{"href":"https:\/\/archive.sana.sy\/es\/index.php?rest_route=\/wp\/v2\/types\/post"}],"author":[{"embeddable":true,"href":"https:\/\/archive.sana.sy\/es\/index.php?rest_route=\/wp\/v2\/users\/31"}],"replies":[{"embeddable":true,"href":"https:\/\/archive.sana.sy\/es\/index.php?rest_route=%2Fwp%2Fv2%2Fcomments&post=128947"}],"version-history":[{"count":0,"href":"https:\/\/archive.sana.sy\/es\/index.php?rest_route=\/wp\/v2\/posts\/128947\/revisions"}],"wp:featuredmedia":[{"embeddable":true,"href":"https:\/\/archive.sana.sy\/es\/index.php?rest_route=\/wp\/v2\/media\/128948"}],"wp:attachment":[{"href":"https:\/\/archive.sana.sy\/es\/index.php?rest_route=%2Fwp%2Fv2%2Fmedia&parent=128947"}],"wp:term":[{"taxonomy":"category","embeddable":true,"href":"https:\/\/archive.sana.sy\/es\/index.php?rest_route=%2Fwp%2Fv2%2Fcategories&post=128947"},{"taxonomy":"post_tag","embeddable":true,"href":"https:\/\/archive.sana.sy\/es\/index.php?rest_route=%2Fwp%2Fv2%2Ftags&post=128947"}],"curies":[{"name":"wp","href":"https:\/\/api.w.org\/{rel}","templated":true}]}}