{"id":129114,"date":"2020-02-02T13:38:25","date_gmt":"2020-02-02T11:38:25","guid":{"rendered":"http:\/\/sana.sy\/es\/?p=129114"},"modified":"2020-02-02T17:53:32","modified_gmt":"2020-02-02T15:53:32","slug":"ejercito-descubre-gran-cuartel-general-subterraneo-de-los-terroristas-en-idleb","status":"publish","type":"post","link":"https:\/\/archive.sana.sy\/es\/?p=129114","title":{"rendered":"En fotos: Ej\u00e9rcito entra en gran cuartel general subterr\u00e1neo de los terroristas en Idleb"},"content":{"rendered":"<p style=\"text-align: justify;\"><strong><span style=\"color: #800000;\"><u><span lang=\"ES-TRAD\">Idlib, SANA<\/span><\/u><\/span><\/strong><\/p>\n<p style=\"text-align: justify;\">Durante sus operaciones de peinado en las localidades reci\u00e9n liberadas del terrorismo en la provincia de Idleb, 335 km al norte de Damasco,\u00a0 los militares hallaron gran cuartel general subterr\u00e1neo de los terroristas.<\/p>\n<p style=\"text-align: justify;\">&#8220;Las unidades del ej\u00e9rcito descubrieron enorme cuartel general cavado en una monta\u00f1a rocosa y serv\u00eda de sede de los cabecillas de las organizaciones terroristas, en la ciudad de Maardabsa, al sur de la ciudad de Saraqueb&#8221;, inform\u00f3 el corresponsal de SANA.<\/p>\n<p style=\"text-align: justify;\">El cuartel fue equipado por una red de iluminaci\u00f3n y ventilaci\u00f3n que comunica a varias salas fortificadas que los l\u00edderes terroristas utilizaban para planificar y dirigir sus ataques, mientras otros espacios fueron convertidos en c\u00e1rceles.<\/p>\n<p style=\"text-align: justify;\">Los terroristas establecieron dentro del cuartel un taller para fabricar varios artefactos explosivos y proyectiles, as\u00ed como para blindar y minar coches.<\/p>\n<p style=\"text-align: justify;\">Muchos equipos y accesorios para fabricar explosivos y misiles son de origen turco.<\/p>\n<div id='gallery-1' class='gallery galleryid-129114 gallery-columns-1 gallery-size-full'><figure class='gallery-item'>\n\t\t\t<div class='gallery-icon landscape'>\n\t\t\t\t<a href='https:\/\/archive.sana.sy\/es\/wp-content\/uploads\/2020\/02\/6-15.jpg'><img loading=\"lazy\" decoding=\"async\" width=\"660\" height=\"364\" src=\"https:\/\/archive.sana.sy\/es\/wp-content\/uploads\/2020\/02\/6-15.jpg\" class=\"attachment-full size-full\" alt=\"\" srcset=\"https:\/\/archive.sana.sy\/es\/wp-content\/uploads\/2020\/02\/6-15.jpg 660w, https:\/\/archive.sana.sy\/es\/wp-content\/uploads\/2020\/02\/6-15-300x165.jpg 300w, https:\/\/archive.sana.sy\/es\/wp-content\/uploads\/2020\/02\/6-15-150x83.jpg 150w\" sizes=\"(max-width: 660px) 100vw, 660px\" \/><\/a>\n\t\t\t<\/div><\/figure><figure class='gallery-item'>\n\t\t\t<div class='gallery-icon landscape'>\n\t\t\t\t<a href='https:\/\/archive.sana.sy\/es\/wp-content\/uploads\/2020\/02\/14-2.jpg'><img loading=\"lazy\" decoding=\"async\" width=\"660\" height=\"364\" src=\"https:\/\/archive.sana.sy\/es\/wp-content\/uploads\/2020\/02\/14-2.jpg\" class=\"attachment-full size-full\" alt=\"\" srcset=\"https:\/\/archive.sana.sy\/es\/wp-content\/uploads\/2020\/02\/14-2.jpg 660w, https:\/\/archive.sana.sy\/es\/wp-content\/uploads\/2020\/02\/14-2-300x165.jpg 300w, https:\/\/archive.sana.sy\/es\/wp-content\/uploads\/2020\/02\/14-2-150x83.jpg 150w\" sizes=\"(max-width: 660px) 100vw, 660px\" \/><\/a>\n\t\t\t<\/div><\/figure><figure class='gallery-item'>\n\t\t\t<div class='gallery-icon landscape'>\n\t\t\t\t<a href='https:\/\/archive.sana.sy\/es\/wp-content\/uploads\/2020\/02\/10-5.jpg'><img loading=\"lazy\" decoding=\"async\" width=\"660\" height=\"364\" src=\"https:\/\/archive.sana.sy\/es\/wp-content\/uploads\/2020\/02\/10-5.jpg\" class=\"attachment-full size-full\" alt=\"\" srcset=\"https:\/\/archive.sana.sy\/es\/wp-content\/uploads\/2020\/02\/10-5.jpg 660w, https:\/\/archive.sana.sy\/es\/wp-content\/uploads\/2020\/02\/10-5-300x165.jpg 300w, https:\/\/archive.sana.sy\/es\/wp-content\/uploads\/2020\/02\/10-5-150x83.jpg 150w\" sizes=\"(max-width: 660px) 100vw, 660px\" \/><\/a>\n\t\t\t<\/div><\/figure><figure class='gallery-item'>\n\t\t\t<div class='gallery-icon landscape'>\n\t\t\t\t<a href='https:\/\/archive.sana.sy\/es\/wp-content\/uploads\/2020\/02\/7-6.jpg'><img loading=\"lazy\" decoding=\"async\" width=\"660\" height=\"364\" src=\"https:\/\/archive.sana.sy\/es\/wp-content\/uploads\/2020\/02\/7-6.jpg\" class=\"attachment-full size-full\" alt=\"\" srcset=\"https:\/\/archive.sana.sy\/es\/wp-content\/uploads\/2020\/02\/7-6.jpg 660w, https:\/\/archive.sana.sy\/es\/wp-content\/uploads\/2020\/02\/7-6-300x165.jpg 300w, https:\/\/archive.sana.sy\/es\/wp-content\/uploads\/2020\/02\/7-6-150x83.jpg 150w\" sizes=\"(max-width: 660px) 100vw, 660px\" \/><\/a>\n\t\t\t<\/div><\/figure><figure class='gallery-item'>\n\t\t\t<div class='gallery-icon landscape'>\n\t\t\t\t<a href='https:\/\/archive.sana.sy\/es\/wp-content\/uploads\/2020\/02\/13-2.jpg'><img loading=\"lazy\" decoding=\"async\" width=\"660\" height=\"364\" src=\"https:\/\/archive.sana.sy\/es\/wp-content\/uploads\/2020\/02\/13-2.jpg\" class=\"attachment-full size-full\" alt=\"\" srcset=\"https:\/\/archive.sana.sy\/es\/wp-content\/uploads\/2020\/02\/13-2.jpg 660w, https:\/\/archive.sana.sy\/es\/wp-content\/uploads\/2020\/02\/13-2-300x165.jpg 300w, https:\/\/archive.sana.sy\/es\/wp-content\/uploads\/2020\/02\/13-2-150x83.jpg 150w\" sizes=\"(max-width: 660px) 100vw, 660px\" \/><\/a>\n\t\t\t<\/div><\/figure><figure class='gallery-item'>\n\t\t\t<div class='gallery-icon landscape'>\n\t\t\t\t<a href='https:\/\/archive.sana.sy\/es\/wp-content\/uploads\/2020\/02\/14-2-1.jpg'><img loading=\"lazy\" decoding=\"async\" width=\"660\" height=\"364\" src=\"https:\/\/archive.sana.sy\/es\/wp-content\/uploads\/2020\/02\/14-2-1.jpg\" class=\"attachment-full size-full\" alt=\"\" srcset=\"https:\/\/archive.sana.sy\/es\/wp-content\/uploads\/2020\/02\/14-2-1.jpg 660w, https:\/\/archive.sana.sy\/es\/wp-content\/uploads\/2020\/02\/14-2-1-300x165.jpg 300w, https:\/\/archive.sana.sy\/es\/wp-content\/uploads\/2020\/02\/14-2-1-150x83.jpg 150w\" sizes=\"(max-width: 660px) 100vw, 660px\" \/><\/a>\n\t\t\t<\/div><\/figure>\n\t\t<\/div>\n\n<p style=\"text-align: justify;\"><strong><span style=\"color: #0000ff;\">F.M\/W.S<\/span><\/strong><\/p>\n<p style=\"text-align: justify;\"><span lang=\"ES-TRAD\">\u00a0<\/span><\/p>\n<p style=\"text-align: justify;\">\n","protected":false},"excerpt":{"rendered":"<p>Idlib, SANA Durante sus operaciones de peinado en las localidades reci\u00e9n liberadas del terrorismo en la provincia de Idleb, 335 km al norte de Damasco,\u00a0 los militares hallaron gran cuartel general subterr\u00e1neo de los terroristas. &#8220;Las unidades del ej\u00e9rcito descubrieron enorme cuartel general cavado en una monta\u00f1a rocosa y serv\u00eda de sede de los cabecillas &hellip;<\/p>\n","protected":false},"author":35,"featured_media":129145,"comment_status":"closed","ping_status":"closed","sticky":false,"template":"","format":"standard","meta":{"footnotes":""},"categories":[597,573,476,7541],"tags":[],"class_list":["post-129114","post","type-post","status-publish","format-standard","has-post-thumbnail","","category-cinta-de-noticias","category-la-realidad-de-los-acontecimientos-en-siria","category-locales","category-ultimas-noticias"],"_links":{"self":[{"href":"https:\/\/archive.sana.sy\/es\/index.php?rest_route=\/wp\/v2\/posts\/129114"}],"collection":[{"href":"https:\/\/archive.sana.sy\/es\/index.php?rest_route=\/wp\/v2\/posts"}],"about":[{"href":"https:\/\/archive.sana.sy\/es\/index.php?rest_route=\/wp\/v2\/types\/post"}],"author":[{"embeddable":true,"href":"https:\/\/archive.sana.sy\/es\/index.php?rest_route=\/wp\/v2\/users\/35"}],"replies":[{"embeddable":true,"href":"https:\/\/archive.sana.sy\/es\/index.php?rest_route=%2Fwp%2Fv2%2Fcomments&post=129114"}],"version-history":[{"count":0,"href":"https:\/\/archive.sana.sy\/es\/index.php?rest_route=\/wp\/v2\/posts\/129114\/revisions"}],"wp:featuredmedia":[{"embeddable":true,"href":"https:\/\/archive.sana.sy\/es\/index.php?rest_route=\/wp\/v2\/media\/129145"}],"wp:attachment":[{"href":"https:\/\/archive.sana.sy\/es\/index.php?rest_route=%2Fwp%2Fv2%2Fmedia&parent=129114"}],"wp:term":[{"taxonomy":"category","embeddable":true,"href":"https:\/\/archive.sana.sy\/es\/index.php?rest_route=%2Fwp%2Fv2%2Fcategories&post=129114"},{"taxonomy":"post_tag","embeddable":true,"href":"https:\/\/archive.sana.sy\/es\/index.php?rest_route=%2Fwp%2Fv2%2Ftags&post=129114"}],"curies":[{"name":"wp","href":"https:\/\/api.w.org\/{rel}","templated":true}]}}