{"id":129120,"date":"2020-02-02T13:51:34","date_gmt":"2020-02-02T11:51:34","guid":{"rendered":"http:\/\/sana.sy\/es\/?p=129120"},"modified":"2020-02-02T13:51:34","modified_gmt":"2020-02-02T11:51:34","slug":"cuatro-ninos-resultan-heridos-por-explosion-de-una-granada-remanente-de-terroristas-en-homs","status":"publish","type":"post","link":"https:\/\/archive.sana.sy\/es\/?p=129120","title":{"rendered":"Cuatro ni\u00f1os resultan heridos por explosi\u00f3n de una granada remanente de terroristas en Homs"},"content":{"rendered":"<div>\n<p style=\"text-align: justify;\"><strong><span lang=\"ES-TRAD\" style=\"color: #800000;\">Homs, SANA<\/span><\/strong><\/p>\n<p style=\"text-align: justify;\"><span lang=\"ES-TRAD\">Cuatro ni\u00f1os fueron lesionados hoy por la explosi\u00f3n de una bomba remanente de las agrupaciones terroristas, en el norte de la provincia central de Homs.<\/span><\/p>\n<p style=\"text-align: justify;\"><span lang=\"ES-TRAD\">&#8220;Una granada sepultada bajo tierra explot\u00f3 y caus\u00f3 lesiones a cuatro ni\u00f1os en la ciudad de Rastan&#8221;, inform\u00f3 el corresponsal de SANA.<\/span><\/p>\n<p style=\"text-align: justify;\"><span lang=\"ES-TRAD\">Agreg\u00f3 que los cuatro lesionados fueron trasladados al hospital de la vecina ciudad de Hama donde se les ofreci\u00f3 atenci\u00f3n m\u00e9dica urgente.<\/span><\/p>\n<p style=\"text-align: justify;\"><span lang=\"ES-TRAD\">&#8220;Dos de los ni\u00f1os sufrieron lesiones en los ojos mientras los otros restantes recibieron esquirlas en diferentes partes del cuerpo y se sometieron a cirug\u00eda&#8221;, inform\u00f3 el director del referido Hospital.<\/span><\/p>\n<\/div>\n<p style=\"text-align: justify;\"><strong><span style=\"color: #0000ff;\">F.M\/W.S<\/span><\/strong><\/p>\n","protected":false},"excerpt":{"rendered":"<p>Homs, SANA Cuatro ni\u00f1os fueron lesionados hoy por la explosi\u00f3n de una bomba remanente de las agrupaciones terroristas, en el norte de la provincia central de Homs. &#8220;Una granada sepultada bajo tierra explot\u00f3 y caus\u00f3 lesiones a cuatro ni\u00f1os en la ciudad de Rastan&#8221;, inform\u00f3 el corresponsal de SANA. Agreg\u00f3 que los cuatro lesionados fueron &hellip;<\/p>\n","protected":false},"author":35,"featured_media":129121,"comment_status":"closed","ping_status":"closed","sticky":false,"template":"","format":"standard","meta":{"footnotes":""},"categories":[597,573,476,7541],"tags":[],"class_list":["post-129120","post","type-post","status-publish","format-standard","has-post-thumbnail","","category-cinta-de-noticias","category-la-realidad-de-los-acontecimientos-en-siria","category-locales","category-ultimas-noticias"],"_links":{"self":[{"href":"https:\/\/archive.sana.sy\/es\/index.php?rest_route=\/wp\/v2\/posts\/129120"}],"collection":[{"href":"https:\/\/archive.sana.sy\/es\/index.php?rest_route=\/wp\/v2\/posts"}],"about":[{"href":"https:\/\/archive.sana.sy\/es\/index.php?rest_route=\/wp\/v2\/types\/post"}],"author":[{"embeddable":true,"href":"https:\/\/archive.sana.sy\/es\/index.php?rest_route=\/wp\/v2\/users\/35"}],"replies":[{"embeddable":true,"href":"https:\/\/archive.sana.sy\/es\/index.php?rest_route=%2Fwp%2Fv2%2Fcomments&post=129120"}],"version-history":[{"count":0,"href":"https:\/\/archive.sana.sy\/es\/index.php?rest_route=\/wp\/v2\/posts\/129120\/revisions"}],"wp:featuredmedia":[{"embeddable":true,"href":"https:\/\/archive.sana.sy\/es\/index.php?rest_route=\/wp\/v2\/media\/129121"}],"wp:attachment":[{"href":"https:\/\/archive.sana.sy\/es\/index.php?rest_route=%2Fwp%2Fv2%2Fmedia&parent=129120"}],"wp:term":[{"taxonomy":"category","embeddable":true,"href":"https:\/\/archive.sana.sy\/es\/index.php?rest_route=%2Fwp%2Fv2%2Fcategories&post=129120"},{"taxonomy":"post_tag","embeddable":true,"href":"https:\/\/archive.sana.sy\/es\/index.php?rest_route=%2Fwp%2Fv2%2Ftags&post=129120"}],"curies":[{"name":"wp","href":"https:\/\/api.w.org\/{rel}","templated":true}]}}