{"id":129123,"date":"2020-02-02T13:57:23","date_gmt":"2020-02-02T11:57:23","guid":{"rendered":"http:\/\/sana.sy\/es\/?p=129123"},"modified":"2020-02-02T13:57:23","modified_gmt":"2020-02-02T11:57:23","slug":"ejercito-libera-a-khalsa-en-el-oeste-de-alepo-tras-violentos-choques-con-los-terroristas","status":"publish","type":"post","link":"https:\/\/archive.sana.sy\/es\/?p=129123","title":{"rendered":"Ej\u00e9rcito libera a Khalsa en el oeste de Alepo tras violentos choques con los terroristas"},"content":{"rendered":"<p style=\"text-align: justify;\"><strong><span lang=\"ES-TRAD\" style=\"color: #800000;\">Alepo, SANA<\/span><\/strong><\/p>\n<p style=\"text-align: justify;\"><span lang=\"ES-TRAD\">Escuadras del ej\u00e9rcito expulsaron hoy a los terroristas de la localidad de Khalsa en el oeste de la provincia de Alepo.<\/span><\/p>\n<p style=\"text-align: justify;\"><span lang=\"ES-TRAD\">Seg\u00fan report\u00f3 el corresponsal de SANA, los militares entraron en duros choques con los extremistas que numerosos de ellos fueron abatidos y el resto se dio a la fuga.<\/span><\/p>\n<p style=\"text-align: justify;\"><span lang=\"ES-TRAD\">Noticia en desarrollo..<\/span><\/p>\n<p style=\"text-align: justify;\"><strong><span style=\"color: #0000ff;\">F.M\/W.S<\/span><\/strong><\/p>\n","protected":false},"excerpt":{"rendered":"<p>Alepo, SANA Escuadras del ej\u00e9rcito expulsaron hoy a los terroristas de la localidad de Khalsa en el oeste de la provincia de Alepo. Seg\u00fan report\u00f3 el corresponsal de SANA, los militares entraron en duros choques con los extremistas que numerosos de ellos fueron abatidos y el resto se dio a la fuga. Noticia en desarrollo.. &hellip;<\/p>\n","protected":false},"author":35,"featured_media":129124,"comment_status":"closed","ping_status":"closed","sticky":false,"template":"","format":"standard","meta":{"footnotes":""},"categories":[597,573,476,583],"tags":[],"class_list":["post-129123","post","type-post","status-publish","format-standard","has-post-thumbnail","","category-cinta-de-noticias","category-la-realidad-de-los-acontecimientos-en-siria","category-locales","category-slide"],"_links":{"self":[{"href":"https:\/\/archive.sana.sy\/es\/index.php?rest_route=\/wp\/v2\/posts\/129123"}],"collection":[{"href":"https:\/\/archive.sana.sy\/es\/index.php?rest_route=\/wp\/v2\/posts"}],"about":[{"href":"https:\/\/archive.sana.sy\/es\/index.php?rest_route=\/wp\/v2\/types\/post"}],"author":[{"embeddable":true,"href":"https:\/\/archive.sana.sy\/es\/index.php?rest_route=\/wp\/v2\/users\/35"}],"replies":[{"embeddable":true,"href":"https:\/\/archive.sana.sy\/es\/index.php?rest_route=%2Fwp%2Fv2%2Fcomments&post=129123"}],"version-history":[{"count":0,"href":"https:\/\/archive.sana.sy\/es\/index.php?rest_route=\/wp\/v2\/posts\/129123\/revisions"}],"wp:featuredmedia":[{"embeddable":true,"href":"https:\/\/archive.sana.sy\/es\/index.php?rest_route=\/wp\/v2\/media\/129124"}],"wp:attachment":[{"href":"https:\/\/archive.sana.sy\/es\/index.php?rest_route=%2Fwp%2Fv2%2Fmedia&parent=129123"}],"wp:term":[{"taxonomy":"category","embeddable":true,"href":"https:\/\/archive.sana.sy\/es\/index.php?rest_route=%2Fwp%2Fv2%2Fcategories&post=129123"},{"taxonomy":"post_tag","embeddable":true,"href":"https:\/\/archive.sana.sy\/es\/index.php?rest_route=%2Fwp%2Fv2%2Ftags&post=129123"}],"curies":[{"name":"wp","href":"https:\/\/api.w.org\/{rel}","templated":true}]}}