{"id":129129,"date":"2020-02-02T14:54:01","date_gmt":"2020-02-02T12:54:01","guid":{"rendered":"http:\/\/sana.sy\/es\/?p=129129"},"modified":"2023-01-10T15:09:48","modified_gmt":"2023-01-10T13:09:48","slug":"boletin-economico-semanal-de-sana","status":"publish","type":"post","link":"https:\/\/archive.sana.sy\/es\/?p=129129","title":{"rendered":"Bolet\u00edn Econ\u00f3mico Semanal de SANA"},"content":{"rendered":"<div>\n<p style=\"text-align: justify;\"><strong><span style=\"color: #800000;\"><span lang=\"ES-TRAD\">Damasco, SANA<\/span><\/span><\/strong><\/p>\n<p style=\"text-align: justify;\"><b><span lang=\"ES-TRAD\">\u00a0<\/span><\/b><b><span lang=\"ES-TRAD\">La semana reci\u00e9n concluida presenci\u00f3 importantes pasos hacia la recuperaci\u00f3n econ\u00f3mica y en otros campos de Siria de la guerra impuesta.<\/span><\/b><\/p>\n<p style=\"text-align: justify;\"><b><span lang=\"ES-TRAD\">A continuaci\u00f3n, les ofrecemos un resumen de las noticias m\u00e1s importantes al respecto:<\/span><\/b><\/p>\n<p style=\"text-align: justify;\"><span style=\"color: #0000ff;\"><strong>Siria exporta 20 mil toneladas de c\u00edtricos a Iraq<\/strong><\/span><\/p>\n<p style=\"text-align: justify;\"><span lang=\"ES-TRAD\">En menos de dos meses, Siria export\u00f3 20 mil 500 toneladas de c\u00edtricos exportados a Iraq a trav\u00e9s del cruce fronterizo de Abukamal, en la provincia de Deir Ezzor.<\/span><\/p>\n<p style=\"text-align: justify;\"><span lang=\"ES-TRAD\">En una declaraci\u00f3n a SANA, el Secretario de Aduanas del cruce Abukamal, Assem Iskander, explic\u00f3 que 758 camiones cargados de c\u00edtricos cruzaron a Iraq desde el d\u00eda 4 de diciembre del 2019 hasta el 30 de enero de este a\u00f1o, e indic\u00f3 que la carga de cada cami\u00f3n es aproximadamente 27 toneladas.<\/span><\/p>\n<p style=\"text-align: justify;\"><span lang=\"ES-TRAD\">Los camiones cruzan sin problemas y obst\u00e1culos desde los territorios sirios hacia Irak y las exportaciones de productos sirios, especialmente los c\u00edtricos, est\u00e1n aumentando, acot\u00f3.<\/span><\/p>\n<p style=\"text-align: justify;\"><span lang=\"ES-TRAD\">En una declaraci\u00f3n similar, el Director General del \u00d3rgano de Apoyo y Desarrollo a la Producci\u00f3n y Exportaciones Locales, Ibrahim Medah, consider\u00f3 que exportar esta cantidad a trav\u00e9s de solo un cruce es un &#8220;indicador positivo&#8221; teniendo en cuenta las injustas medidas econ\u00f3micas impuestas a Siria.<\/span><\/p>\n<p style=\"text-align: justify;\"><span lang=\"ES-TRAD\">Medah se\u00f1al\u00f3 el papel de la reciente decisi\u00f3n del Ministerio de Transporte de eximir a los camiones iraqu\u00edes de las tarifas impuestas al ingresar a los territorios sirios desde el cruce de Abukamal para facilitar y acelerar las operaciones de exportaci\u00f3n de diversos productos agr\u00edcolas y de otros, y eso alent\u00f3 a los camiones iraqu\u00edes a venir a Siria y aumentar el movimiento econ\u00f3mico entre los dos pa\u00edses.<\/span><\/p>\n<p style=\"text-align: justify;\"><span style=\"color: #0000ff;\"><b><u><span lang=\"ES-TRAD\">Argentinos visitan antigua ciudad de Palmira en el desierto sirio<\/span><\/u><\/b><\/span><\/p>\n<p style=\"text-align: justify;\"><span lang=\"ES-TRAD\">Una familia argentina visit\u00f3 la antigua ciudad de Palmira, ubicada en el desierto de la provincia central de Homs.<\/span><\/p>\n<p style=\"text-align: justify;\"><span lang=\"ES-TRAD\">Los miembros de esta familia expresaron su admiraci\u00f3n y felicidad al observar la historia de la ciudad, su arquitectura y su gran patrimonio cultural.<\/span><\/p>\n<p style=\"text-align: justify;\"><span lang=\"ES-TRAD\">Rafael Somini, un profesor universitario retirado, declar\u00f3 a SANA que la seguridad que \u00e9l y su familia sintieron en Palmira les permiti\u00f3 recorrer entre monumentos arqueol\u00f3gicos espectaculares.<\/span><\/p>\n<p style=\"text-align: justify;\"><span lang=\"ES-TRAD\">No cabe duda que los grupos de turistas van a visitar esta ciudad conocida universalmente, agreg\u00f3.<\/span><\/p>\n<p style=\"text-align: justify;\"><span lang=\"ES-TRAD\">A su vez, los otros miembros de la familia expresaron su dolor por la destrucci\u00f3n que afect\u00f3 los monumentos por parte de los terroristas, y tambi\u00e9n describieron las ruinas de un lugar digno de visitar.<\/span><\/p>\n<p style=\"text-align: justify;\"><span lang=\"ES-TRAD\">Tras su liberaci\u00f3n de los terroristas, Palmira \u2013 Patrimonio de la Humanidad \u2013 fue visitada por grupos de turistas de diferentes pa\u00edses como EE.UU, Espa\u00f1a, Gran Breta\u00f1a y China, entre otros.<\/span><\/p>\n<p style=\"text-align: justify;\"><b><u><span lang=\"ES-TRAD\">Siria y el L\u00edbano repasan la labor del Consejo Supremo Sirio-Liban\u00e9s<\/span><\/u><\/b><\/p>\n<p style=\"text-align: justify;\"><span lang=\"ES-TRAD\">El presidente liban\u00e9s Michel Aoun, debati\u00f3 con el Secretario General del Consejo Supremo Sirio-Liban\u00e9s, Nasri Khoury, la labor de la Secretar\u00eda General del referido Consejo.<\/span><\/p>\n<p style=\"text-align: justify;\"><span lang=\"ES-TRAD\">En la reuni\u00f3n, se examinaron tambi\u00e9n las medidas adoptadas para facilitar el flujo de la producci\u00f3n libanesa a trav\u00e9s de la frontera sirio-libanesa.<\/span><\/p>\n<p style=\"text-align: justify;\"><span lang=\"ES-TRAD\">El Ministro de Agricultura liban\u00e9s, Abbas Murtada, subray\u00f3 la prioridad de construir las mejores relaciones con Siria y facilitar el flujo de mercanc\u00edas a trav\u00e9s de su territorio a varios mercados \u00e1rabes.<\/span><\/p>\n<p style=\"text-align: justify;\"><b><u><span lang=\"ES-TRAD\">Presidente al-Assad preside reuni\u00f3n del gobierno sobre implementaci\u00f3n del proyecto de reforma administrativa<\/span><\/u><\/b><\/p>\n<p style=\"text-align: justify;\"><span lang=\"ES-TRAD\">El presidente Bashar al-Assad, presidi\u00f3 una reuni\u00f3n a la que asistieron el primer ministro, Imad Khamis, y varios ministros.<\/span><\/p>\n<p style=\"text-align: justify;\"><span lang=\"ES-TRAD\">En la reuni\u00f3n, se trat\u00f3 el tema de las etapas de implementaci\u00f3n del proyecto nacional para la reforma administrativa.<\/span><\/p>\n<p style=\"text-align: justify;\"><span lang=\"ES-TRAD\">Al comienzo de la reuni\u00f3n, se discuti\u00f3 la versi\u00f3n final de la ley de estatus financiero que se va a presentar en el Gabinete para su aprobaci\u00f3n, y se destac\u00f3 el impacto positivo de la misma en la consolidaci\u00f3n de los principios de integridad, igualdad y transparencia institucional, adem\u00e1s de lograr una prevenci\u00f3n de la corrupci\u00f3n y una reducci\u00f3n de las ganancias il\u00edcitas y protecci\u00f3n al dinero p\u00fablico.<\/span><\/p>\n<p style=\"text-align: justify;\"><span lang=\"ES-TRAD\">La ministra de Desarrollo Administrativo, Salam Safaf, hizo una presentaci\u00f3n sobre los resultados del trabajo en la etapa preparatoria de la implementaci\u00f3n del proyecto en los ministerios de Administraci\u00f3n Local, de Obras P\u00fablicas y Vivienda y de Finanzas, especialmente en las \u00e1reas de gesti\u00f3n de recursos humanos y la modificaci\u00f3n de la estructura organizativa.<\/span><\/p>\n<p style=\"text-align: justify;\"><span lang=\"ES-TRAD\">Los ministros de Obras P\u00fablicas y Vivienda, y de Administraci\u00f3n Local explicaron la nueva estructura organizativa de sus ministerios que trat\u00f3 los problemas de las estructuras administrativas infladas.<\/span><\/p>\n<p style=\"text-align: justify;\"><span lang=\"ES-TRAD\">El presidente al-Assad dio instrucciones para comenzar la aplicaci\u00f3n de la etapa preparatoria del proyecto en el resto de los ministerios y trabajar para aumentan la eficiencia del trabajo en las instituciones p\u00fablicas y lograr la mejor inversi\u00f3n de los cuadros humano.<\/span><\/p>\n<p style=\"text-align: justify;\"><b><u><span lang=\"ES-TRAD\">Rusia ofrece a Siria 500 becas universitarias<\/span><\/u><\/b><\/p>\n<p style=\"text-align: justify;\"><span lang=\"ES-TRAD\">El ministerio de Educaci\u00f3n Superior e Investigaci\u00f3n Cient\u00edfica anunci\u00f3 hoy que la Federaci\u00f3n Rusa otorg\u00f3 500 becas para carreras universitarias y estudios de posgrado para el a\u00f1o acad\u00e9mico 2020-2021.<\/span><\/p>\n<p style=\"text-align: justify;\"><span lang=\"ES-TRAD\">En un comunicado, el ministerio anunci\u00f3 que el 10 por ciento de las becas ser\u00e1n asignadas a los hijos de los m\u00e1rtires.<\/span><\/p>\n<p style=\"text-align: justify;\"><span lang=\"ES-TRAD\">Vale mencionar que Rusia ofrece anualmente 500 becas para los estudiantes sirios.<\/span><\/p>\n<p style=\"text-align: justify;\"><b><u><span lang=\"ES-TRAD\">M\u00e1s de dos mil 300 plantas industriales vuelven a operar en provincia siria<\/span><\/u><\/b><\/p>\n<p style=\"text-align: justify;\"><span lang=\"ES-TRAD\">M\u00e1s del 50% de las instalaciones y plantas industriales en el pol\u00edgono industrial de Tal Kerdi, situada al noreste de la ciudad de Damasco, recuperaron operatividad.<\/span><\/p>\n<p style=\"text-align: justify;\"><span lang=\"ES-TRAD\">\u201cGracias a los esfuerzos desempe\u00f1ados para rehabilitar la infraestructura y restablecer los servicios, m\u00e1s de 2300 plantas industriales volvieron a operar en la provincia de Damasco-campo\u201d, destac\u00f3 el director de zonas industriales, Asaad Khalouf.<\/span><\/p>\n<p style=\"text-align: justify;\"><span lang=\"ES-TRAD\">Agreg\u00f3 que se trabaja actualmente para rehabilitar el resto de las plantas y reponerlas en funcionamiento.<\/span><\/p>\n<p style=\"text-align: justify;\"><b><u><span lang=\"ES-TRAD\">515 sirios con discapacidad f\u00edsica se benefician de una iniciativa humanitaria india<\/span><\/u><\/b><\/p>\n<p style=\"text-align: justify;\"><span lang=\"ES-TRAD\">La cifra de los beneficiarios de la iniciativa humanitaria india lanzada recientemente en cooperaci\u00f3n entre los ministerios de Asuntos Sociales y de Salud y la Embajada de la India en Damasco, ascendi\u00f3 a 515 mutilados a consecuencia de la guerra terrorista contra Siria o personas con discapacidad.<\/span><\/p>\n<p style=\"text-align: justify;\"><span lang=\"ES-TRAD\">La iniciativa que fue llevada a cabo gracias a un equipo de m\u00e9dicos y t\u00e9cnicos indios bajo supervisi\u00f3n de la Asociaci\u00f3n India de Rehabilitaci\u00f3n de Personas con Discapacidad \u201cMahaveer\u201d, finaliz\u00f3 el lunes su trabajo y contribuy\u00f3 a proporcionar pr\u00f3tesis de extremidades a lesionados de las diferentes provincias del pa\u00eds.<\/span><\/p>\n<p style=\"text-align: justify;\"><span lang=\"ES-TRAD\">Hadi Mashhadiyeh, director del Instituto de Rehabilitaci\u00f3n de Personas con Discapacidad en Damasco resalt\u00f3 a SANA la importancia de la iniciativa que arranc\u00f3 el 25 de diciembre pasado en apoyar a las personas con discapacidad f\u00edsica que son v\u00edctimas de ataques terroristas o de accidentes y enfermedades graves, y reintegrarlas a la sociedad.<\/span><\/p>\n<p style=\"text-align: justify;\"><span lang=\"ES-TRAD\">Seg\u00fan Mashhadiyeh, la iniciativa entregaba las pr\u00f3tesis a unas 15 personas diariamente y resalt\u00f3 que el proceso de tomar las medidas, fabricar las extremidades, entregarlas y entrenar a los beneficiarios para usarlas se efectuaba en el mismo d\u00eda.<\/span><\/p>\n<p style=\"text-align: justify;\"><span lang=\"ES-TRAD\">La asociaci\u00f3n india Mahaveer fue fundada en 1975 y contribuy\u00f3 a donar pr\u00f3tesis a m\u00e1s de un mill\u00f3n y 800 mil personas de varios pa\u00edses del mundo.<\/span><\/p>\n<p style=\"text-align: justify;\"><b><u><span lang=\"ES-TRAD\">Comienza reparaci\u00f3n de da\u00f1os por sabotaje terrorista contra tuber\u00edas de petr\u00f3leo en puerto de Banias<\/span><\/u><\/b><\/p>\n<p style=\"text-align: justify;\"><span lang=\"ES-TRAD\">El Ministerio de Petr\u00f3leo y Recursos Minerales anunci\u00f3 hoy que los equipos t\u00e9cnicos comenzaron a reparar los da\u00f1os provocados por el sabotaje cometido por terroristas contra las tuber\u00edas mar\u00edtimas en el puerto petrolero de Banias, en la provincia costera de Tartous.<\/span><\/p>\n<p style=\"text-align: justify;\"><span lang=\"ES-TRAD\">En la v\u00edspera, el Ministerio anunci\u00f3 que el sector petrolero en Siria fue blanco de un nuevo acto terrorista y de sabotaje.<\/span><\/p>\n<p style=\"text-align: justify;\"><span lang=\"ES-TRAD\">Explic\u00f3 en un comunicado que buzos terroristas colocaron y detonaron explosivos en los oleoductos mar\u00edtimos del puerto petrolero de Banias.<\/span><\/p>\n<p style=\"text-align: justify;\"><span lang=\"ES-TRAD\">Seg\u00fan el ministerio, se acudi\u00f3 a un plan alternativo para garantizar la continuaci\u00f3n del flujo de crudo y otros derivados del mismo a trav\u00e9s de la red de transporte de petr\u00f3leo.<\/span><\/p>\n<p style=\"text-align: justify;\"><strong><span style=\"color: #0000ff;\">F.M\/W.S<\/span><\/strong><\/p>\n<\/div>\n<p style=\"text-align: justify;\">\n","protected":false},"excerpt":{"rendered":"<p>Damasco, SANA \u00a0La semana reci\u00e9n concluida presenci\u00f3 importantes pasos hacia la recuperaci\u00f3n econ\u00f3mica y en otros campos de Siria de la guerra impuesta. A continuaci\u00f3n, les ofrecemos un resumen de las noticias m\u00e1s importantes al respecto: Siria exporta 20 mil toneladas de c\u00edtricos a Iraq En menos de dos meses, Siria export\u00f3 20 mil 500 &hellip;<\/p>\n","protected":false},"author":35,"featured_media":129141,"comment_status":"closed","ping_status":"closed","sticky":false,"template":"","format":"standard","meta":{"footnotes":""},"categories":[597,485,7541],"tags":[],"class_list":["post-129129","post","type-post","status-publish","format-standard","has-post-thumbnail","","category-cinta-de-noticias","category-informes-negocios-y-finanzas","category-ultimas-noticias"],"_links":{"self":[{"href":"https:\/\/archive.sana.sy\/es\/index.php?rest_route=\/wp\/v2\/posts\/129129"}],"collection":[{"href":"https:\/\/archive.sana.sy\/es\/index.php?rest_route=\/wp\/v2\/posts"}],"about":[{"href":"https:\/\/archive.sana.sy\/es\/index.php?rest_route=\/wp\/v2\/types\/post"}],"author":[{"embeddable":true,"href":"https:\/\/archive.sana.sy\/es\/index.php?rest_route=\/wp\/v2\/users\/35"}],"replies":[{"embeddable":true,"href":"https:\/\/archive.sana.sy\/es\/index.php?rest_route=%2Fwp%2Fv2%2Fcomments&post=129129"}],"version-history":[{"count":0,"href":"https:\/\/archive.sana.sy\/es\/index.php?rest_route=\/wp\/v2\/posts\/129129\/revisions"}],"wp:featuredmedia":[{"embeddable":true,"href":"https:\/\/archive.sana.sy\/es\/index.php?rest_route=\/wp\/v2\/media\/129141"}],"wp:attachment":[{"href":"https:\/\/archive.sana.sy\/es\/index.php?rest_route=%2Fwp%2Fv2%2Fmedia&parent=129129"}],"wp:term":[{"taxonomy":"category","embeddable":true,"href":"https:\/\/archive.sana.sy\/es\/index.php?rest_route=%2Fwp%2Fv2%2Fcategories&post=129129"},{"taxonomy":"post_tag","embeddable":true,"href":"https:\/\/archive.sana.sy\/es\/index.php?rest_route=%2Fwp%2Fv2%2Ftags&post=129129"}],"curies":[{"name":"wp","href":"https:\/\/api.w.org\/{rel}","templated":true}]}}