{"id":129135,"date":"2020-02-02T15:08:54","date_gmt":"2020-02-02T13:08:54","guid":{"rendered":"http:\/\/sana.sy\/es\/?p=129135"},"modified":"2023-01-10T14:34:24","modified_gmt":"2023-01-10T12:34:24","slug":"reportaje-de-sana-en-espanol-sobre-operativos-del-ejercito-en-idleb-y-alepo","status":"publish","type":"post","link":"https:\/\/archive.sana.sy\/es\/?p=129135","title":{"rendered":"Reportaje de SANA en espa\u00f1ol sobre operativos del ej\u00e9rcito en Idleb y Alepo"},"content":{"rendered":"<p style=\"text-align: justify;\"><strong><span style=\"color: #800000;\">Alepo-Idleb, SANA<\/span><\/strong><\/p>\n<p style=\"text-align: justify;\">En el siguiente reportaje, SANA les ofrece detalles sobre la ofensiva terrorista que fue repelida por el ej\u00e9rcito en Alepo, las obras para reabrir 45 km liberados por el ej\u00e9rcito de la carretera internacional, y los t\u00faneles y cuarteles subterr\u00e1neos de los radicales.<br \/>\n<iframe loading=\"lazy\" src=\"https:\/\/www.youtube.com\/embed\/16dZnqcpwMI\" width=\"660\" height=\"470\" frameborder=\"0\" allowfullscreen=\"allowfullscreen\"><span data-mce-type=\"bookmark\" style=\"display: inline-block; width: 0px; overflow: hidden; line-height: 0;\" class=\"mce_SELRES_start\">\ufeff<\/span><\/iframe><\/p>\n<p style=\"text-align: justify;\"><span style=\"color: #0000ff;\"><strong>F.M<\/strong><\/span><\/p>\n","protected":false},"excerpt":{"rendered":"<p>Alepo-Idleb, SANA En el siguiente reportaje, SANA les ofrece detalles sobre la ofensiva terrorista que fue repelida por el ej\u00e9rcito en Alepo, las obras para reabrir 45 km liberados por el ej\u00e9rcito de la carretera internacional, y los t\u00faneles y cuarteles subterr\u00e1neos de los radicales. \ufeff F.M<\/p>\n","protected":false},"author":34,"featured_media":129136,"comment_status":"closed","ping_status":"closed","sticky":false,"template":"","format":"standard","meta":{"footnotes":""},"categories":[447,597,573,476,7541],"tags":[],"class_list":["post-129135","post","type-post","status-publish","format-standard","has-post-thumbnail","","category-local-politica","category-cinta-de-noticias","category-la-realidad-de-los-acontecimientos-en-siria","category-locales","category-ultimas-noticias"],"_links":{"self":[{"href":"https:\/\/archive.sana.sy\/es\/index.php?rest_route=\/wp\/v2\/posts\/129135"}],"collection":[{"href":"https:\/\/archive.sana.sy\/es\/index.php?rest_route=\/wp\/v2\/posts"}],"about":[{"href":"https:\/\/archive.sana.sy\/es\/index.php?rest_route=\/wp\/v2\/types\/post"}],"author":[{"embeddable":true,"href":"https:\/\/archive.sana.sy\/es\/index.php?rest_route=\/wp\/v2\/users\/34"}],"replies":[{"embeddable":true,"href":"https:\/\/archive.sana.sy\/es\/index.php?rest_route=%2Fwp%2Fv2%2Fcomments&post=129135"}],"version-history":[{"count":0,"href":"https:\/\/archive.sana.sy\/es\/index.php?rest_route=\/wp\/v2\/posts\/129135\/revisions"}],"wp:featuredmedia":[{"embeddable":true,"href":"https:\/\/archive.sana.sy\/es\/index.php?rest_route=\/wp\/v2\/media\/129136"}],"wp:attachment":[{"href":"https:\/\/archive.sana.sy\/es\/index.php?rest_route=%2Fwp%2Fv2%2Fmedia&parent=129135"}],"wp:term":[{"taxonomy":"category","embeddable":true,"href":"https:\/\/archive.sana.sy\/es\/index.php?rest_route=%2Fwp%2Fv2%2Fcategories&post=129135"},{"taxonomy":"post_tag","embeddable":true,"href":"https:\/\/archive.sana.sy\/es\/index.php?rest_route=%2Fwp%2Fv2%2Ftags&post=129135"}],"curies":[{"name":"wp","href":"https:\/\/api.w.org\/{rel}","templated":true}]}}