{"id":129146,"date":"2020-02-02T15:55:29","date_gmt":"2020-02-02T13:55:29","guid":{"rendered":"http:\/\/sana.sy\/es\/?p=129146"},"modified":"2020-02-02T15:55:29","modified_gmt":"2020-02-02T13:55:29","slug":"ultima-hora-dos-camarografos-de-los-canales-al-alam-y-al-kawthar-resultan-heridos-en-ataque-terrorista-mientras-cubrian-las-operaciones-del-ejercito-arabe-sirio-en-el-sudoeste-de-alepo","status":"publish","type":"post","link":"https:\/\/archive.sana.sy\/es\/?p=129146","title":{"rendered":"\u00daltima hora: dos camar\u00f3grafos de los canales al-Alam y al-Kawthar resultan heridos en ataque terrorista mientras cubr\u00edan las operaciones del ej\u00e9rcito \u00e1rabe sirio en el sudoeste de Alepo."},"content":{"rendered":"","protected":false},"excerpt":{"rendered":"","protected":false},"author":34,"featured_media":0,"comment_status":"closed","ping_status":"closed","sticky":false,"template":"","format":"standard","meta":{"footnotes":""},"categories":[596],"tags":[],"class_list":["post-129146","post","type-post","status-publish","format-standard","","category-urgente"],"_links":{"self":[{"href":"https:\/\/archive.sana.sy\/es\/index.php?rest_route=\/wp\/v2\/posts\/129146"}],"collection":[{"href":"https:\/\/archive.sana.sy\/es\/index.php?rest_route=\/wp\/v2\/posts"}],"about":[{"href":"https:\/\/archive.sana.sy\/es\/index.php?rest_route=\/wp\/v2\/types\/post"}],"author":[{"embeddable":true,"href":"https:\/\/archive.sana.sy\/es\/index.php?rest_route=\/wp\/v2\/users\/34"}],"replies":[{"embeddable":true,"href":"https:\/\/archive.sana.sy\/es\/index.php?rest_route=%2Fwp%2Fv2%2Fcomments&post=129146"}],"version-history":[{"count":0,"href":"https:\/\/archive.sana.sy\/es\/index.php?rest_route=\/wp\/v2\/posts\/129146\/revisions"}],"wp:attachment":[{"href":"https:\/\/archive.sana.sy\/es\/index.php?rest_route=%2Fwp%2Fv2%2Fmedia&parent=129146"}],"wp:term":[{"taxonomy":"category","embeddable":true,"href":"https:\/\/archive.sana.sy\/es\/index.php?rest_route=%2Fwp%2Fv2%2Fcategories&post=129146"},{"taxonomy":"post_tag","embeddable":true,"href":"https:\/\/archive.sana.sy\/es\/index.php?rest_route=%2Fwp%2Fv2%2Ftags&post=129146"}],"curies":[{"name":"wp","href":"https:\/\/api.w.org\/{rel}","templated":true}]}}