{"id":129218,"date":"2020-02-02T23:29:46","date_gmt":"2020-02-02T21:29:46","guid":{"rendered":"http:\/\/sana.sy\/es\/?p=129218"},"modified":"2020-02-03T06:44:32","modified_gmt":"2020-02-03T04:44:32","slug":"ministro-de-informacion-visita-en-el-hospital-a-los-periodistas-heridos-en-alepo","status":"publish","type":"post","link":"https:\/\/archive.sana.sy\/es\/?p=129218","title":{"rendered":"Sarah visita a periodistas heridos en Alepo y asegura que los terroristas pretenden acallar la voz de la verdad"},"content":{"rendered":"<p style=\"text-align: justify;\"><strong><span style=\"color: #800000;\">Alepo, SANA<\/span><u> <\/u><\/strong><\/p>\n<p style=\"text-align: justify;\">El ministro de Informaci\u00f3n, Imad Sarah, visit\u00f3 a los periodistas de los canales Sama, al-Alam y al-Kawthar quienes sufrieron heridas al ser atacados por las agrupaciones hostiles en el campo suroccidental de Alepo mientras cubr\u00edan los operativos del ej\u00e9rcito \u00e1rabe sirio.<\/p>\n<p style=\"text-align: justify;\">El titular pregunt\u00f3 por su estado de salud en el Hospital Universitario de Alepo y les dese\u00f3 una pronta recuperaci\u00f3n.<\/p>\n<p style=\"text-align: justify;\">En una declaraci\u00f3n a los periodistas, el ministro se\u00f1al\u00f3 que la situaci\u00f3n de los colegas informadores es esperanzadora y estable, y afirm\u00f3 que la media nacional ha sido blanco desde el inicio de la guerra.<\/p>\n<p style=\"text-align: justify;\">Sarah dijo que el ataque a los equipos medi\u00e1ticos tiene el prop\u00f3sito de acallar la voz que transmite las haza\u00f1as del ej\u00e9rcito \u00e1rabe sirio y por estar en la trinchera del estado sirio.<\/p>\n<p style=\"text-align: justify;\">\u201cLos corresponsales de guerra est\u00e1n en las primeras l\u00edneas para grabar los triunfos del ej\u00e9rcito sabiendo que pueden incluso perder la vida, pero estamos decididos a estar de parte de la patria y de la soberan\u00eda y la dignidad\u201d, destac\u00f3.<\/p>\n<p style=\"text-align: justify;\"><strong><span style=\"color: #0000ff;\">R.Sh\/F.M\u00a0<\/span><\/strong><\/p>\n<p style=\"text-align: justify;\">\n","protected":false},"excerpt":{"rendered":"<p>Alepo, SANA El ministro de Informaci\u00f3n, Imad Sarah, visit\u00f3 a los periodistas de los canales Sama, al-Alam y al-Kawthar quienes sufrieron heridas al ser atacados por las agrupaciones hostiles en el campo suroccidental de Alepo mientras cubr\u00edan los operativos del ej\u00e9rcito \u00e1rabe sirio. El titular pregunt\u00f3 por su estado de salud en el Hospital Universitario &hellip;<\/p>\n","protected":false},"author":37,"featured_media":129219,"comment_status":"closed","ping_status":"closed","sticky":false,"template":"","format":"standard","meta":{"footnotes":""},"categories":[477,476,7541],"tags":[],"class_list":["post-129218","post","type-post","status-publish","format-standard","has-post-thumbnail","","category-noticias-edulcorantes","category-locales","category-ultimas-noticias"],"_links":{"self":[{"href":"https:\/\/archive.sana.sy\/es\/index.php?rest_route=\/wp\/v2\/posts\/129218"}],"collection":[{"href":"https:\/\/archive.sana.sy\/es\/index.php?rest_route=\/wp\/v2\/posts"}],"about":[{"href":"https:\/\/archive.sana.sy\/es\/index.php?rest_route=\/wp\/v2\/types\/post"}],"author":[{"embeddable":true,"href":"https:\/\/archive.sana.sy\/es\/index.php?rest_route=\/wp\/v2\/users\/37"}],"replies":[{"embeddable":true,"href":"https:\/\/archive.sana.sy\/es\/index.php?rest_route=%2Fwp%2Fv2%2Fcomments&post=129218"}],"version-history":[{"count":0,"href":"https:\/\/archive.sana.sy\/es\/index.php?rest_route=\/wp\/v2\/posts\/129218\/revisions"}],"wp:featuredmedia":[{"embeddable":true,"href":"https:\/\/archive.sana.sy\/es\/index.php?rest_route=\/wp\/v2\/media\/129219"}],"wp:attachment":[{"href":"https:\/\/archive.sana.sy\/es\/index.php?rest_route=%2Fwp%2Fv2%2Fmedia&parent=129218"}],"wp:term":[{"taxonomy":"category","embeddable":true,"href":"https:\/\/archive.sana.sy\/es\/index.php?rest_route=%2Fwp%2Fv2%2Fcategories&post=129218"},{"taxonomy":"post_tag","embeddable":true,"href":"https:\/\/archive.sana.sy\/es\/index.php?rest_route=%2Fwp%2Fv2%2Ftags&post=129218"}],"curies":[{"name":"wp","href":"https:\/\/api.w.org\/{rel}","templated":true}]}}