{"id":129223,"date":"2020-02-03T09:32:48","date_gmt":"2020-02-03T07:32:48","guid":{"rendered":"http:\/\/sana.sy\/es\/?p=129223"},"modified":"2020-02-03T15:34:41","modified_gmt":"2020-02-03T13:34:41","slug":"boletin-informativo-de-sana-lunes-3-de-febrero-del-2020","status":"publish","type":"post","link":"https:\/\/archive.sana.sy\/es\/?p=129223","title":{"rendered":"Bolet\u00edn Informativo de SANA.. Lunes, 3 de Febrero del 2020"},"content":{"rendered":"<div style=\"text-align: justify;\">\n<p><strong><span style=\"color: #800000;\">Damasco, SANA<\/span><\/strong><\/p>\n<p><strong><span lang=\"ES-TRAD\">Les ofrecemos a continuaci\u00f3n, un resumen de las m\u00e1s destacadas noticias de Siria publicadas por nuestra agencia:<\/span><\/strong><\/p>\n<p>Para actualizarse m\u00e1s de Siria y ver v\u00eddeos, fotos y reportajes en espa\u00f1ol , <span style=\"font-weight: 400;\">s\u00edguenos en nuestro sitio <\/span><a href=\"https:\/\/www.sana.sy\/es\/\"><span style=\"font-weight: 400;\">https:\/\/www.sana.sy\/es\/<\/span><\/a><span style=\"font-weight: 400;\">,\u00a0<\/span><\/p>\n<p><span style=\"font-weight: 400;\">nuestras p\u00e1ginas en Facebook <\/span><a href=\"https:\/\/www.facebook.com\/SANA.Noticias\/\"><span style=\"font-weight: 400;\">https:\/\/www.facebook.com\/SANA.Noticias\/<\/span><\/a>\u00a0<span style=\"font-weight: 400;\">\u00a0y en Twitter: <\/span><a href=\"https:\/\/twitter.com\/SanaAgencia\"><span style=\"font-weight: 400;\">https:\/\/twitter.com\/SanaAgencia<\/span><\/a><span style=\"font-weight: 400;\">..<\/span><\/p>\n<p><span style=\"color: #000000;\"><strong><span lang=\"ES-TRAD\">Les ofrecemos a continuaci\u00f3n, un resumen de las m\u00e1s destacadas noticias de Siria publicadas por nuestra agencia:<\/span><\/strong><\/span><\/p>\n<p><strong><span style=\"color: #0000ff;\"><u>Dos corresponsales y dos camar\u00f3grafos resultan heridos durante su cobertura period\u00edstica en Alepo<\/u><\/span><\/strong><\/p>\n<p><span lang=\"ES-TRAD\">La corresponsal del canal \u201cal-Alam\u201d, D\u00edaaQaddour, y su camar\u00f3grafo Ibrahim Kuheil, resultaron heridos hoy en ataque terrorista mientras cubr\u00edan las operaciones antiterroristas del ej\u00e9rcito \u00e1rabe sirioen el sudoeste de Alepo.<\/span><\/p>\n<p>\u201cJunto a Qaddour y Kuheil, fueron lesionados tambi\u00e9n la corresponsal del canal sirio Sama, KinanahAllosh y el<span lang=\"ES-TRAD\">\u00a0camar\u00f3grafo de la televisi\u00f3n al-Kawthar, Suhaib al-Masri, en el mismo ataque que se perpetr\u00f3 con un proyectil\u201d, report\u00f3 e<\/span>l corresponsal de SANA.<\/p>\n<p><b><span lang=\"ES-TRAD\"><span style=\"color: #800000;\">M\u00e1s detalles<\/span>:\u00a0<\/span><\/b><a href=\"https:\/\/sana.sy\/es\/?p=129156\" target=\"_blank\" rel=\"nofollow noopener noreferrer\" data-saferedirecturl=\"https:\/\/www.google.com\/url?q=https:\/\/sana.sy\/es\/?p%3D129156&amp;source=gmail&amp;ust=1580801373947000&amp;usg=AFQjCNFU5bzpg6vpZ0BnAtTefFIrKVJ27Q\"><b>https:\/\/sana.sy\/es\/?p=129156<\/b><\/a><b><\/b><\/p>\n<p><span style=\"color: #0000ff;\"><b><u><span lang=\"ES-TRAD\">Sarah visita a periodistas heridos en Alepo y asegura que los terroristas prtenden acallar la voz de la verdad<\/span><\/u><\/b><\/span><\/p>\n<p><span lang=\"ES-TRAD\">El ministro de Informaci\u00f3n, Imad Sarah, visit\u00f3 a los periodistas de los canales Sama, al-Alam y al-Kawthar quienes sufrieron heridas al ser atacados por las agrupaciones hostiles en el campo suroccidental de Alepo mientras cubr\u00edan los operativos del ej\u00e9rcito \u00e1rabe sirio.<\/span><\/p>\n<p><span lang=\"ES-TRAD\">\u201cLos corresponsales de guerra est\u00e1n en las primeras l\u00edneas para grabar los triunfos del ej\u00e9rcito sabiendo que pueden incluso perder la vida, pero estamos decididos a estar de parte de la patria y de la soberan\u00eda y la dignidad\u201d, destac\u00f3.<\/span><\/p>\n<p><b><span lang=\"ES-TRAD\"><span style=\"color: #800000;\">M\u00e1s detalles<\/span>:\u00a0<\/span><\/b><a href=\"https:\/\/sana.sy\/es\/?p=129218\" target=\"_blank\" rel=\"nofollow noopener noreferrer\" data-saferedirecturl=\"https:\/\/www.google.com\/url?q=https:\/\/sana.sy\/es\/?p%3D129218&amp;source=gmail&amp;ust=1580801373947000&amp;usg=AFQjCNGIBflJVIo70p7FwTNwE9J4teXyUw\"><b>https:\/\/sana.sy\/es\/?p=129218<\/b><\/a><b><\/b><\/p>\n<p><span style=\"color: #0000ff;\"><b><u><span lang=\"ES-TRAD\">En huelga el Gol\u00e1n sirio ocupado contra el proyecto sionista de turbinas e\u00f3licas<\/span><\/u><\/b><\/span><\/p>\n<p><span lang=\"ES-TRAD\">Los sirios en el Gol\u00e1n sirio ocupado comenzaron hoy una huelga general que abarc\u00f3 todas las instalaciones p\u00fablicas, incluyendo escuelas y comercios, en protesta contra las pr\u00e1cticas y medidas agresivas y expansionistas israel\u00edes en el Gol\u00e1n, y la m\u00e1s reciente de las cuales es la instalaci\u00f3n de turbinas e\u00f3licas y la confiscaci\u00f3n de sus propiedades por la fuerza.<\/span><\/p>\n<p><span lang=\"ES-TRAD\">El proyectos de turbinas e\u00f3licas incluye la instalaci\u00f3n de unos 52 aerogeneradores gigantes y la confiscaci\u00f3n de aproximadamente 60 km cuadrados de las tierras del Gol\u00e1n ocupado y desplazara los civiles de sus hogares.<\/span><\/p>\n<p><b><span lang=\"ES-TRAD\"><span style=\"color: #800000;\">M\u00e1s detalles<\/span>:<\/span><\/b><a href=\"https:\/\/sana.sy\/es\/?p=129142\" target=\"_blank\" rel=\"nofollow noopener noreferrer\" data-saferedirecturl=\"https:\/\/www.google.com\/url?q=https:\/\/sana.sy\/es\/?p%3D129142&amp;source=gmail&amp;ust=1580801373947000&amp;usg=AFQjCNFh7sH1rhiDkmTq8o2NGEWUNUum1g\"><b>https:\/\/sana.sy\/es\/?<wbr \/>p=129142<\/b><\/a><b><\/b><\/p>\n<p><span style=\"color: #0000ff;\"><b><u><span lang=\"ES-TRAD\">Gobierno hace revisi\u00f3n de la actual situaci\u00f3n econ\u00f3mica a la luz de la guerra econ\u00f3mica<\/span><\/u><\/b><\/span><\/p>\n<p><span lang=\"ES-TRAD\">El Consejo de Ministros efectu\u00f3 una evaluaci\u00f3n y revisi\u00f3n de la actual situaci\u00f3n econ\u00f3mica a la luz de los cambios que impuso la guerra y las medidas econ\u00f3micas coercitivas unilaterales impuestas al pueblo sirio.<\/span><\/p>\n<p><span lang=\"ES-TRAD\">En su sesi\u00f3n semanal,el Ejecutivo asign\u00f3 inicialmente una suma de 24 mil millones de libras ( 48 millones de USD) para implementar los proyectos de desarrollo en la gobernaci\u00f3n de Homs.<\/span><\/p>\n<p><b><span lang=\"ES-TRAD\"><span style=\"color: #800000;\">M\u00e1s detalles<\/span>:<\/span><\/b><a href=\"https:\/\/sana.sy\/es\/?p=129170\" target=\"_blank\" rel=\"nofollow noopener noreferrer\" data-saferedirecturl=\"https:\/\/www.google.com\/url?q=https:\/\/sana.sy\/es\/?p%3D129170&amp;source=gmail&amp;ust=1580801373947000&amp;usg=AFQjCNHkpuj7AcTm1nadFmQio15ArcXWWg\"><b>https:\/\/sana.sy\/es\/?<wbr \/>p=129170<\/b><\/a><b><\/b><\/p>\n<p><span style=\"color: #0000ff;\"><b><u><span lang=\"ES-TRAD\">Siria y Sri Lanka ratifican voluntad de afianzar relaciones<\/span><\/u><\/b><\/span><\/p>\n<p><span lang=\"ES-TRAD\">La embajada de la Rep\u00fablica Democr\u00e1tica Socialista de Sri Lanka realiz\u00f3 un acto de recepci\u00f3n por el 72\u00ba aniversario del D\u00eda Nacional de Sri Lanka, en el Hotel Cham en esta capital.<\/span><\/p>\n<p><span lang=\"ES-TRAD\">La embajadora de esta naci\u00f3n asi\u00e1tica en Damasco, Dbetika B. K. O. Caronaratni, destac\u00f3 la necesidad de potenciar las relaciones bilaterales por el bien de los dos pa\u00edses amigos y precis\u00f3 que \u201cSiria ha sido un buen amigo de Sri Lanka y le dio la m\u00e1xima ayuda en todos los \u00e1mbitos.\u201d<\/span><\/p>\n<p><b><span lang=\"ES-TRAD\"><span style=\"color: #800000;\">M\u00e1s detalles<\/span>:<\/span><\/b><a href=\"https:\/\/sana.sy\/es\/?p=129205\" target=\"_blank\" rel=\"nofollow noopener noreferrer\" data-saferedirecturl=\"https:\/\/www.google.com\/url?q=https:\/\/sana.sy\/es\/?p%3D129205&amp;source=gmail&amp;ust=1580801373947000&amp;usg=AFQjCNH68R2KcPlcSv7_qzCTDCxdM5x3Pg\"><b>https:\/\/sana.sy\/es\/?<wbr \/>p=129205<\/b><\/a><b><\/b><\/p>\n<p><span style=\"color: #0000ff;\"><b><u><span lang=\"ES-TRAD\">Ejecutan nuevos proyectos de agua potable en provincia de Hama<\/span><\/u><\/b><\/span><\/p>\n<p><span lang=\"ES-TRAD\">La Empresa Estatal de Agua Potable en la provincia central de Hama puso en marcha un n\u00famero de proyectos de agua potable en la zona\u00a0\u00a0de la llanura al-Ghab.<\/span><\/p>\n<p><span lang=\"ES-TRAD\">&#8220;El valor de estos proyectos asciende a alrededor de mil 300 millones\u00a0\u00a0de libras sirias (equivalente a casi tres millones de USD), e incluyen reemplazar las redes de agua de varias localidades&#8221;, explic\u00f3 MuteeAbashi, director de la Empresa.<\/span><\/p>\n<p><b><span lang=\"ES-TRAD\"><span style=\"color: #800000;\">M\u00e1s detalles<\/span>:<\/span><\/b><a href=\"https:\/\/sana.sy\/es\/?p=129117\" target=\"_blank\" rel=\"nofollow noopener noreferrer\" data-saferedirecturl=\"https:\/\/www.google.com\/url?q=https:\/\/sana.sy\/es\/?p%3D129117&amp;source=gmail&amp;ust=1580801373947000&amp;usg=AFQjCNHHphUAGtzP5o2cuDSvzJfCqXjxmw\"><b>https:\/\/sana.sy\/es\/?<wbr \/>p=129117<\/b><\/a><b><\/b><\/p>\n<p><span style=\"color: #0000ff;\"><b><u><span lang=\"ES-TRAD\">Ej\u00e9rcito libera a Khalsa en el oeste de Alepo tras violentos choques con los terroristas<\/span><\/u><\/b><\/span><\/p>\n<p><span lang=\"ES-TRAD\">Escuadras del ej\u00e9rcito expulsaron hoy a los terroristas de la localidad deKhalsaen el oeste de la provincia de Alepo.<\/span><\/p>\n<p><b><span lang=\"ES-TRAD\"><span style=\"color: #800000;\">M\u00e1s detalles<\/span>:<\/span><\/b><a href=\"https:\/\/sana.sy\/es\/?p=129123\" target=\"_blank\" rel=\"nofollow noopener noreferrer\" data-saferedirecturl=\"https:\/\/www.google.com\/url?q=https:\/\/sana.sy\/es\/?p%3D129123&amp;source=gmail&amp;ust=1580801373947000&amp;usg=AFQjCNEh7aoOXbCt7OzWtR9qRJuupEJ6KQ\"><b>https:\/\/sana.sy\/es\/?<wbr \/>p=129123<\/b><\/a><b><\/b><\/p>\n<p><span style=\"color: #0000ff;\"><b><u><span lang=\"ES-TRAD\">Tras violentos choques con terroristas, Ej\u00e9rcito libera tres nuevas localidades en Idleb<\/span><\/u><\/b><\/span><\/p>\n<p><span lang=\"ES-TRAD\">El ej\u00e9rcito sirio liber\u00f3 las localidades de Enkrati, KaferBatikh y KaferDadekh en la provincia de Idleb, 335 km al norte de esta capital.<\/span><\/p>\n<p><span lang=\"ES-TRAD\">El corresponsal de SANA report\u00f3 que dicha liberaci\u00f3n se produjo tras duros enfrentamientos con las agrupaciones radicales en la zona.<\/span><\/p>\n<p><b><span lang=\"ES-TRAD\"><span style=\"color: #800000;\">M\u00e1s detalles<\/span>:<\/span><\/b><a href=\"https:\/\/sana.sy\/es\/?p=129109\" target=\"_blank\" rel=\"nofollow noopener noreferrer\" data-saferedirecturl=\"https:\/\/www.google.com\/url?q=https:\/\/sana.sy\/es\/?p%3D129109&amp;source=gmail&amp;ust=1580801373947000&amp;usg=AFQjCNETueZ_MIdPdpM6SnZuCtLQnCKabg\"><b>https:\/\/sana.sy\/es\/?<wbr \/>p=129109<\/b><\/a><b><\/b><\/p>\n<p><span style=\"color: #0000ff;\"><b><u><span lang=\"ES-TRAD\">Ej\u00e9rcito entra en gran cuartel general subterr\u00e1neo de los terroristas en Idleb<\/span><\/u><\/b><\/span><\/p>\n<p><span lang=\"ES-TRAD\">Durante sus operaciones de peinado en las localidades reci\u00e9n liberadas del terrorismo en la provincia de Idleb, 335 km al norte de Damasco,\u00a0\u00a0los militares hallaron gran cuartel general subterr\u00e1neo de los terroristas.<\/span><\/p>\n<p><span lang=\"ES-TRAD\">El cuartel fue equipado por una red de iluminaci\u00f3n y ventilaci\u00f3n que comunica a varias salas fortificadas que los l\u00edderes terroristas utilizaban para planificar y dirigir sus ataques, mientras otros espacios fueron convertidos en c\u00e1rceles.<\/span><\/p>\n<p><span lang=\"ES-TRAD\">Muchos equipos y accesorios para fabricar explosivos y misiles son de origen turco.<\/span><\/p>\n<p><b><span lang=\"ES-TRAD\"><span style=\"color: #800000;\">M\u00e1s detalles<\/span>:<\/span><\/b><a href=\"https:\/\/sana.sy\/es\/?p=129114\" target=\"_blank\" rel=\"nofollow noopener noreferrer\" data-saferedirecturl=\"https:\/\/www.google.com\/url?q=https:\/\/sana.sy\/es\/?p%3D129114&amp;source=gmail&amp;ust=1580801373947000&amp;usg=AFQjCNF4nr94mT-LWejgkSxtJfdGcAmK1w\"><b>https:\/\/sana.sy\/es\/?<wbr \/>p=129114<\/b><\/a><b><\/b><\/p>\n<p><span style=\"color: #0000ff;\"><b><u><span lang=\"ES-TRAD\">Una chica resulta gravemente herida en un ataque contra un barrio de Alepo<\/span><\/u><\/b><\/span><\/p>\n<p><span lang=\"ES-TRAD\">Una chica result\u00f3 gravemente herida a consecuencia de un ataque terrorista con cohetes contra el barrio de Halab al-Yadida en Alepo.<\/span><\/p>\n<p><span lang=\"ES-TRAD\">El corresponsal de SANA en Alepo report\u00f3 que un cohete aterriz\u00f3 en el barrio Halab al-Yadida de Alepo, procedente de organizaciones armadas desplegadas al oeste de la ciudad,\u00a0\u00a0e hiri\u00f3 gravemente a una chica, y caus\u00f3 da\u00f1os materiales a las propiedades de los civiles.<\/span><\/p>\n<p><b><span lang=\"ES-TRAD\"><span style=\"color: #800000;\">M\u00e1s detalles<\/span>:<\/span><\/b><a href=\"https:\/\/sana.sy\/es\/?p=129185\" target=\"_blank\" rel=\"nofollow noopener noreferrer\" data-saferedirecturl=\"https:\/\/www.google.com\/url?q=https:\/\/sana.sy\/es\/?p%3D129185&amp;source=gmail&amp;ust=1580801373947000&amp;usg=AFQjCNGTgvAoR5iENKDe1FtROM5ui3qM9Q\"><b>https:\/\/sana.sy\/es\/?<wbr \/>p=129185<\/b><\/a><b><\/b><\/p>\n<p><span style=\"color: #0000ff;\"><b><u><span lang=\"ES-TRAD\">Cuatro ni\u00f1os resultan heridos por explosi\u00f3n de una granada remanente de terroristas en Homs<\/span><\/u><\/b><\/span><\/p>\n<p><span lang=\"ES-TRAD\">Cuatro ni\u00f1os fueron lesionados hoy por la explosi\u00f3n de una bomba remanente de las agrupaciones terroristas, en el norte de la provincia central de Homs.<\/span><\/p>\n<p><span lang=\"ES-TRAD\">&#8220;Una granada sepultada bajo tierra explot\u00f3 y caus\u00f3 lesiones a cuatro ni\u00f1os en la ciudad de Rastan&#8221;, inform\u00f3 el corresponsal de SANA.<\/span><\/p>\n<p><b><span lang=\"ES-TRAD\"><span style=\"color: #800000;\">M\u00e1s detalles<\/span>:<\/span><\/b><a href=\"https:\/\/sana.sy\/es\/?p=129120\" target=\"_blank\" rel=\"nofollow noopener noreferrer\" data-saferedirecturl=\"https:\/\/www.google.com\/url?q=https:\/\/sana.sy\/es\/?p%3D129120&amp;source=gmail&amp;ust=1580801373947000&amp;usg=AFQjCNE5Ze2hNd1LDcmpWFirhIZkaLOvYw\">https:\/\/sana.sy\/es\/?<wbr \/>p=129120<\/a><\/p>\n<div><\/div>\n<div><\/div>\n<div><b>Cont\u00e1ctenos:<\/b><\/div>\n<p><b>agenciasanadenoticias<\/b><b><span dir=\"RTL\" lang=\"AR-SY\">@<\/span><\/b><b><a href=\"http:\/\/gmail.com\/\" target=\"_blank\" rel=\"noopener noreferrer\" data-saferedirecturl=\"https:\/\/www.google.com\/url?q=http:\/\/gmail.com&amp;source=gmail&amp;ust=1580801373947000&amp;usg=AFQjCNFfSRjwZJNH6qsBEQ6f5k7IGVTwcw\">gmail.<wbr \/>com<\/a><\/b><\/p>\n<p><b>Tel\u00e9fono: 00 963 11 5490700<\/b><\/p>\n<p><strong><span style=\"color: #0000ff;\">F.M\/W.S<\/span><\/strong><\/p>\n<\/div>\n<p style=\"text-align: justify;\">\n","protected":false},"excerpt":{"rendered":"<p>Damasco, SANA Les ofrecemos a continuaci\u00f3n, un resumen de las m\u00e1s destacadas noticias de Siria publicadas por nuestra agencia: Para actualizarse m\u00e1s de Siria y ver v\u00eddeos, fotos y reportajes en espa\u00f1ol , s\u00edguenos en nuestro sitio https:\/\/www.sana.sy\/es\/,\u00a0 nuestras p\u00e1ginas en Facebook https:\/\/www.facebook.com\/SANA.Noticias\/\u00a0\u00a0y en Twitter: https:\/\/twitter.com\/SanaAgencia.. Les ofrecemos a continuaci\u00f3n, un resumen de las m\u00e1s &hellip;<\/p>\n","protected":false},"author":35,"featured_media":129224,"comment_status":"closed","ping_status":"closed","sticky":false,"template":"","format":"standard","meta":{"footnotes":""},"categories":[555,597,7541],"tags":[],"class_list":["post-129223","post","type-post","status-publish","format-standard","has-post-thumbnail","","category-prensa","category-cinta-de-noticias","category-ultimas-noticias"],"_links":{"self":[{"href":"https:\/\/archive.sana.sy\/es\/index.php?rest_route=\/wp\/v2\/posts\/129223"}],"collection":[{"href":"https:\/\/archive.sana.sy\/es\/index.php?rest_route=\/wp\/v2\/posts"}],"about":[{"href":"https:\/\/archive.sana.sy\/es\/index.php?rest_route=\/wp\/v2\/types\/post"}],"author":[{"embeddable":true,"href":"https:\/\/archive.sana.sy\/es\/index.php?rest_route=\/wp\/v2\/users\/35"}],"replies":[{"embeddable":true,"href":"https:\/\/archive.sana.sy\/es\/index.php?rest_route=%2Fwp%2Fv2%2Fcomments&post=129223"}],"version-history":[{"count":0,"href":"https:\/\/archive.sana.sy\/es\/index.php?rest_route=\/wp\/v2\/posts\/129223\/revisions"}],"wp:featuredmedia":[{"embeddable":true,"href":"https:\/\/archive.sana.sy\/es\/index.php?rest_route=\/wp\/v2\/media\/129224"}],"wp:attachment":[{"href":"https:\/\/archive.sana.sy\/es\/index.php?rest_route=%2Fwp%2Fv2%2Fmedia&parent=129223"}],"wp:term":[{"taxonomy":"category","embeddable":true,"href":"https:\/\/archive.sana.sy\/es\/index.php?rest_route=%2Fwp%2Fv2%2Fcategories&post=129223"},{"taxonomy":"post_tag","embeddable":true,"href":"https:\/\/archive.sana.sy\/es\/index.php?rest_route=%2Fwp%2Fv2%2Ftags&post=129223"}],"curies":[{"name":"wp","href":"https:\/\/api.w.org\/{rel}","templated":true}]}}